{"id":6147,"date":"2021-10-22T07:40:15","date_gmt":"2021-10-22T05:40:15","guid":{"rendered":"https:\/\/www.ra-vsz.hr\/?p=6147"},"modified":"2023-01-30T18:42:33","modified_gmt":"2023-01-30T18:42:33","slug":"izbor-za-najbolji-eu-projekt-2021-godine-2","status":"publish","type":"post","link":"https:\/\/www.ra-vsz.hr\/en\/izbor-za-najbolji-eu-projekt-2021-godine-2\/","title":{"rendered":"Izbor za najbolji EU projekt 2021. godine"},"content":{"rendered":"<p><strong>Dodjela priznanja za Najbolji EU projekt 2021. godine\u00a0<\/strong><\/p>\n<p>Sve\u010dano progla\u0161enje i dodjela priznanja najboljim EU projektima 2021.\u00a0 i najuspje\u0161nijim gradovima odr\u017eano je 21. listopada 2021. u Novom Vinodolskom.<\/p>\n<p>Program je zapo\u010deo uvodnom rije\u010di Gorana Ogurli\u0107a, glavnog urednik Jutarnjeg lista, \u00a0\u017deljka Turka, predsjednika Udruge gradova u Republici Hrvatskoj, Danijela Maru\u0161i\u0107a, predsjednika Hrvatske zajednice \u017eupanija te Nata\u0161e Trami\u0161ak, ministrice regionalnoga razvoja i fondova EU.<\/p>\n<p>Nagrade za najbolji EU projekt 2021.\u00a0 dodijeljene su u kategorijama:<\/p>\n<ul>\n<li>doprinos lokalnoj i regionalnoj zajednici<\/li>\n<li>doprinos prekograni\u010dnoj suradnji<\/li>\n<li>doprinos znanosti i inovacijama<\/li>\n<li>doprinos poduzetni\u0161tvu<\/li>\n<li>najbolji EU projekt prema izboru \u010ditatelja Jutarnjeg lista<\/li>\n<\/ul>\n<p>Nagrada u kategoriji doprinos lokalnoj i regionalnoj zajednici, u kojoj je bilo prijavljeno ukupno 11 projekata, \u00a0dodijeljena je projektu <strong><em>Pobolj\u0161anje uvjeta za pru\u017eanje primarne zdravstvene za\u0161tite u Vukovarsko-srijemskoj \u017eupaniji<\/em><\/strong>, \u010diji je nositelj Vukovarsko-srijemska \u017eupanija, dok su partneri Dom zdravlja Vinkovci, Dom zdravlja Vukovar i Dom zdravlja \u017dupanja.<\/p>\n<p>Cilj ovog projekta, ukupne vrijednosti 9.512.364,17 kn, od \u010dega 8.085.509,54 kn bespovratnih sredstava, je pobolj\u0161anje pristupa primarnoj zdravstvenoj za\u0161titi s naglaskom na udaljena i deprivirana podru\u010dja Vukovarsko-srijemske \u017eupanije, a sa svrhom pobolj\u0161anja kvalitete usluge primarne zdravstvene za\u0161tite u Vukovarsko-srijemske \u017eupanije.<\/p>\n<p>Projektom su osigurana sredstva za \u00a0nabavu specijalizirane medicinske i dentalne opreme, ugradnju dizala u domovima zdravlja Vinkovci i Vukovar te edukacije zdravstvenih djelatnika. Projektom su obuhva\u0107ena sva tri doma zdravlja s podru\u010dja Vukovarsko-srijemske \u017eupanije te 36 koncesionara koji djeluju u podru\u010dju obiteljske medicine, ginekologije, pedijatrije i dentalne medicine.<\/p>\n<p>Razvojna agencija Vukovarsko-srijemske \u017eupanije dala je svoj doprinos uspje\u0161nosti ovog projekta kroz pripremu projektne prijave te pru\u017eanje stru\u010dne i \u00a0savjetodavne pomo\u0107i u provedbi projekta.<\/p>\n<p>Ispred Vukovarsko-srijemske \u017eupanije nagradu je preuzeo \u017eupan, Damir Dekani\u0107. Sve\u010danoj dodjeli nagrada su nazo\u010dili i zamjenik \u017eupana, Franjo Ore\u0161kovi\u0107 te ravnatelj Razvojne agencije VS\u017d, Ilija Cota.<\/p>","protected":false},"excerpt":{"rendered":"<p>Dodjela priznanja za Najbolji EU projekt 2021. godine\u00a0 Sve\u010dano progla\u0161enje i dodjela priznanja najboljim EU projektima 2021.\u00a0 i najuspje\u0161nijim gradovima odr\u017eano je 21. listopada 2021. u Novom Vinodolskom. Program je zapo\u010deo uvodnom rije\u010di Gorana Ogurli\u0107a, glavnog urednik Jutarnjeg lista, \u00a0\u017deljka Turka, predsjednika Udruge gradova u Republici Hrvatskoj, Danijela Maru\u0161i\u0107a, predsjednika Hrvatske zajednice \u017eupanija te Nata\u0161e [&hellip;]<\/p>","protected":false},"author":2,"featured_media":6148,"comment_status":"closed","ping_status":"closed","sticky":false,"template":"","format":"standard","meta":{"_et_pb_use_builder":"","_et_pb_old_content":"","_et_gb_content_width":"","footnotes":""},"categories":[4],"tags":[],"class_list":["post-6147","post","type-post","status-publish","format-standard","has-post-thumbnail","hentry","category-vijesti"],"_links":{"self":[{"href":"https:\/\/www.ra-vsz.hr\/en\/wp-json\/wp\/v2\/posts\/6147","targetHints":{"allow":["GET"]}}],"collection":[{"href":"https:\/\/www.ra-vsz.hr\/en\/wp-json\/wp\/v2\/posts"}],"about":[{"href":"https:\/\/www.ra-vsz.hr\/en\/wp-json\/wp\/v2\/types\/post"}],"author":[{"embeddable":true,"href":"https:\/\/www.ra-vsz.hr\/en\/wp-json\/wp\/v2\/users\/2"}],"replies":[{"embeddable":true,"href":"https:\/\/www.ra-vsz.hr\/en\/wp-json\/wp\/v2\/comments?post=6147"}],"version-history":[{"count":1,"href":"https:\/\/www.ra-vsz.hr\/en\/wp-json\/wp\/v2\/posts\/6147\/revisions"}],"predecessor-version":[{"id":10729,"href":"https:\/\/www.ra-vsz.hr\/en\/wp-json\/wp\/v2\/posts\/6147\/revisions\/10729"}],"wp:featuredmedia":[{"embeddable":true,"href":"https:\/\/www.ra-vsz.hr\/en\/wp-json\/"}],"wp:attachment":[{"href":"https:\/\/www.ra-vsz.hr\/en\/wp-json\/wp\/v2\/media?parent=6147"}],"wp:term":[{"taxonomy":"category","embeddable":true,"href":"https:\/\/www.ra-vsz.hr\/en\/wp-json\/wp\/v2\/categories?post=6147"},{"taxonomy":"post_tag","embeddable":true,"href":"https:\/\/www.ra-vsz.hr\/en\/wp-json\/wp\/v2\/tags?post=6147"}],"curies":[{"name":"wp","href":"https:\/\/api.w.org\/{rel}","templated":true}]}}