{"id":6127,"date":"2021-10-20T12:06:00","date_gmt":"2021-10-20T10:06:00","guid":{"rendered":"https:\/\/www.ra-vsz.hr\/?p=6127"},"modified":"2023-01-30T18:41:58","modified_gmt":"2023-01-30T18:41:58","slug":"medijski-pluralizam-komisija-objavila-poziv-na-podnosenje-prijedloga-za-prosirenje-sustava-pracenja-vlasnistva-nad-medijima","status":"publish","type":"post","link":"https:\/\/www.ra-vsz.hr\/en\/medijski-pluralizam-komisija-objavila-poziv-na-podnosenje-prijedloga-za-prosirenje-sustava-pracenja-vlasnistva-nad-medijima\/","title":{"rendered":"Medijski pluralizam: Komisija objavila poziv na podno\u0161enje prijedloga za pro\u0161irenje sustava pra\u0107enja vlasni\u0161tva nad medijima"},"content":{"rendered":"<p>Komisija je danas objavila <a href=\"https:\/\/digital-strategy.ec.europa.eu\/en\/funding\/media-ownership-monitoring-system\" target=\"_blank\" rel=\"noopener\">drugi poziv<\/a> na podno\u0161enje prijedloga za sustav pra\u0107enja vlasni\u0161tva nad medijima koji sufinancira EU. Ovim \u0107e se pozivom dopuniti <a href=\"https:\/\/digital-strategy.ec.europa.eu\/en\/funding\/call-proposals-media-ownership-monitor\" target=\"_blank\" rel=\"noopener\">prvi pilot-projekt koji je u tijeku<\/a>\u00a0 i stvoriti baza podataka o vlasni\u0161tvu nad medijima u preostalih 12 dr\u017eava \u010dlanica koje nisu obuhva\u0107ene prvim pozivom.<\/p>\n<p>Sustavom pra\u0107enja vlasni\u0161tva nad medijima procjenjivat \u0107e se relevantni pravni okviri, kao i rizici za transparentnost vlasni\u0161tva nad medijima. Tako\u0111er \u0107e pokazati potencijalne rizike za medijski pluralizam i pru\u017eiti vrijedne informacije za bolje razumijevanje tr\u017ei\u0161ta informativnih medija. Tim \u0107e se alatom te informacije staviti na raspolaganje svima putem interaktivne internetske platforme, prikazuju\u0107i rezultate u formatima prilago\u0111enima potrebama razli\u010ditih korisnika.<\/p>\n<p>Zainteresirani konzorciji koji djeluju u podru\u010dju <a href=\"https:\/\/digital-strategy.ec.europa.eu\/en\/policies\/media-freedom\" target=\"_blank\" rel=\"noopener\">slobode i pluralizma medija<\/a> na europskoj, regionalnoj i lokalnoj razini mogu se prijaviti za ovaj poziv do 15. prosinca. Najve\u0107i iznos potpore EU-a dodijeljen ovom projektu iznosi 500 000 eura. Ova je inicijativa dio \u0161irih nastojanja u podru\u010dju slobode i pluralizma medija, kako je navedeno u akcijskom planu za europsku demokraciju.<\/p>","protected":false},"excerpt":{"rendered":"<p>Komisija je danas objavila drugi poziv na podno\u0161enje prijedloga za sustav pra\u0107enja vlasni\u0161tva nad medijima koji sufinancira EU. Ovim \u0107e se pozivom dopuniti prvi pilot-projekt koji je u tijeku\u00a0 i stvoriti baza podataka o vlasni\u0161tvu nad medijima u preostalih 12 dr\u017eava \u010dlanica koje nisu obuhva\u0107ene prvim pozivom. Sustavom pra\u0107enja vlasni\u0161tva nad medijima procjenjivat \u0107e se [&hellip;]<\/p>","protected":false},"author":2,"featured_media":6128,"comment_status":"closed","ping_status":"closed","sticky":false,"template":"","format":"standard","meta":{"_et_pb_use_builder":"","_et_pb_old_content":"","_et_gb_content_width":"","footnotes":""},"categories":[4],"tags":[],"class_list":["post-6127","post","type-post","status-publish","format-standard","has-post-thumbnail","hentry","category-vijesti"],"_links":{"self":[{"href":"https:\/\/www.ra-vsz.hr\/en\/wp-json\/wp\/v2\/posts\/6127","targetHints":{"allow":["GET"]}}],"collection":[{"href":"https:\/\/www.ra-vsz.hr\/en\/wp-json\/wp\/v2\/posts"}],"about":[{"href":"https:\/\/www.ra-vsz.hr\/en\/wp-json\/wp\/v2\/types\/post"}],"author":[{"embeddable":true,"href":"https:\/\/www.ra-vsz.hr\/en\/wp-json\/wp\/v2\/users\/2"}],"replies":[{"embeddable":true,"href":"https:\/\/www.ra-vsz.hr\/en\/wp-json\/wp\/v2\/comments?post=6127"}],"version-history":[{"count":1,"href":"https:\/\/www.ra-vsz.hr\/en\/wp-json\/wp\/v2\/posts\/6127\/revisions"}],"predecessor-version":[{"id":10726,"href":"https:\/\/www.ra-vsz.hr\/en\/wp-json\/wp\/v2\/posts\/6127\/revisions\/10726"}],"wp:featuredmedia":[{"embeddable":true,"href":"https:\/\/www.ra-vsz.hr\/en\/wp-json\/"}],"wp:attachment":[{"href":"https:\/\/www.ra-vsz.hr\/en\/wp-json\/wp\/v2\/media?parent=6127"}],"wp:term":[{"taxonomy":"category","embeddable":true,"href":"https:\/\/www.ra-vsz.hr\/en\/wp-json\/wp\/v2\/categories?post=6127"},{"taxonomy":"post_tag","embeddable":true,"href":"https:\/\/www.ra-vsz.hr\/en\/wp-json\/wp\/v2\/tags?post=6127"}],"curies":[{"name":"wp","href":"https:\/\/api.w.org\/{rel}","templated":true}]}}