{"id":6111,"date":"2021-10-19T14:40:21","date_gmt":"2021-10-19T12:40:21","guid":{"rendered":"https:\/\/www.ra-vsz.hr\/?p=6111"},"modified":"2023-01-30T18:41:36","modified_gmt":"2023-01-30T18:41:36","slug":"centar-za-socijalnu-skrb-vukovar-potpisao-ugovor-za-projekt-ispletimo-mrezu-vrijedan-1-125-60000-kn","status":"publish","type":"post","link":"https:\/\/www.ra-vsz.hr\/en\/centar-za-socijalnu-skrb-vukovar-potpisao-ugovor-za-projekt-ispletimo-mrezu-vrijedan-1-125-60000-kn\/","title":{"rendered":"Centar za socijalnu skrb Vukovar potpisao ugovor za projekt \u201eISPLETIMO MRE\u017dU\u201c vrijedan 1.125.600,00 KN"},"content":{"rendered":"<p>Dr\u017eavni tajnici Ministarstva rada, mirovinskoga sustava, obitelji i socijalne politike Marija Pletikosa i Dragan Jeli\u0107 te ravnatelj Hrvatskog zavoda za zapo\u0161ljavanje Ante Lon\u010dar sve\u010dano su uru\u010dili ugovor u vrijednosti 1.125.600,00 kuna za projekt \u201eISPLETIMO MRE\u017dU\u201c prijavljen u okviru Poziva \u201eRazvoj, \u0161irenje i unaprje\u0111enje kvalitete izvaninstitucijskih socijalnih usluga kao podr\u0161ka procesu deinstitucionalizacije\u201c. Provo\u0111enjem aktivnosti u sklopu financiranog projekata pru\u017eit \u0107e se, izme\u0111u ostaloga, podr\u0161ka procesu deinstitucionalizacije razvojem i unaprje\u0111enjem kvalitete izvaninstitucijskih socijalnih usluga za djecu i mla\u0111e punoljetne osobe bez odgovaraju\u0107e roditeljske skrbi, djecu i mla\u0111e punoljetne osobe s problemima u pona\u0161anju, trudnice ili roditelje s djetetom do godine dana \u017eivota djeteta u riziku od socijalne isklju\u010denosti i \u017ertve obiteljskog nasilja. Projekt traje od 18. listopada 2021. do 18. kolovoza 2023. godine, u ukupnom trajanju od 22 mjeseca.<\/p>\n<p>Partner na projektu je Vukovarsko-srijemska \u017eupanija, a Razvojna agencija Vukovarsko-srijemske \u017eupanije aktivno je sudjelovala u pripremi navedenog projekta te \u0107e tako\u0111er sudjelovati u provedbi istoga pru\u017eaju\u0107i stru\u010dnu pomo\u0107.<\/p>\n<p>Odr\u017ean je i prvi sastanak u sklopu provedbe s predstojnicom Podru\u017enice Obiteljskog centra te su dogovoreni daljnji koraci va\u017eni za implementaciju projekta.<\/p>","protected":false},"excerpt":{"rendered":"<p>Dr\u017eavni tajnici Ministarstva rada, mirovinskoga sustava, obitelji i socijalne politike Marija Pletikosa i Dragan Jeli\u0107 te ravnatelj Hrvatskog zavoda za zapo\u0161ljavanje Ante Lon\u010dar sve\u010dano su uru\u010dili ugovor u vrijednosti 1.125.600,00 kuna za projekt \u201eISPLETIMO MRE\u017dU\u201c prijavljen u okviru Poziva \u201eRazvoj, \u0161irenje i unaprje\u0111enje kvalitete izvaninstitucijskih socijalnih usluga kao podr\u0161ka procesu deinstitucionalizacije\u201c. Provo\u0111enjem aktivnosti u sklopu [&hellip;]<\/p>","protected":false},"author":2,"featured_media":6112,"comment_status":"closed","ping_status":"closed","sticky":false,"template":"","format":"standard","meta":{"_et_pb_use_builder":"","_et_pb_old_content":"","_et_gb_content_width":"","footnotes":""},"categories":[4],"tags":[],"class_list":["post-6111","post","type-post","status-publish","format-standard","has-post-thumbnail","hentry","category-vijesti"],"_links":{"self":[{"href":"https:\/\/www.ra-vsz.hr\/en\/wp-json\/wp\/v2\/posts\/6111","targetHints":{"allow":["GET"]}}],"collection":[{"href":"https:\/\/www.ra-vsz.hr\/en\/wp-json\/wp\/v2\/posts"}],"about":[{"href":"https:\/\/www.ra-vsz.hr\/en\/wp-json\/wp\/v2\/types\/post"}],"author":[{"embeddable":true,"href":"https:\/\/www.ra-vsz.hr\/en\/wp-json\/wp\/v2\/users\/2"}],"replies":[{"embeddable":true,"href":"https:\/\/www.ra-vsz.hr\/en\/wp-json\/wp\/v2\/comments?post=6111"}],"version-history":[{"count":1,"href":"https:\/\/www.ra-vsz.hr\/en\/wp-json\/wp\/v2\/posts\/6111\/revisions"}],"predecessor-version":[{"id":10724,"href":"https:\/\/www.ra-vsz.hr\/en\/wp-json\/wp\/v2\/posts\/6111\/revisions\/10724"}],"wp:featuredmedia":[{"embeddable":true,"href":"https:\/\/www.ra-vsz.hr\/en\/wp-json\/"}],"wp:attachment":[{"href":"https:\/\/www.ra-vsz.hr\/en\/wp-json\/wp\/v2\/media?parent=6111"}],"wp:term":[{"taxonomy":"category","embeddable":true,"href":"https:\/\/www.ra-vsz.hr\/en\/wp-json\/wp\/v2\/categories?post=6111"},{"taxonomy":"post_tag","embeddable":true,"href":"https:\/\/www.ra-vsz.hr\/en\/wp-json\/wp\/v2\/tags?post=6111"}],"curies":[{"name":"wp","href":"https:\/\/api.w.org\/{rel}","templated":true}]}}