{"id":6092,"date":"2021-10-15T10:49:32","date_gmt":"2021-10-15T08:49:32","guid":{"rendered":"https:\/\/www.ra-vsz.hr\/?p=6092"},"modified":"2023-01-30T18:41:07","modified_gmt":"2023-01-30T18:41:07","slug":"otvoreni-poziv-gradovima-za-iskaz-interesa-za-ukljucivanje-u-projekt-europe-goes-local","status":"publish","type":"post","link":"https:\/\/www.ra-vsz.hr\/en\/otvoreni-poziv-gradovima-za-iskaz-interesa-za-ukljucivanje-u-projekt-europe-goes-local\/","title":{"rendered":"Otvoreni poziv gradovima za iskaz interesa za uklju\u010divanje u projekt Europe Goes Local"},"content":{"rendered":"<p>Agencija za mobilnost i programe poziva gradove da se uklju\u010de u projekt Europe Goes Local -Supporting Youth Work at the Municipal Level.<\/p>\n<p>Projekt\u00a0<a href=\"https:\/\/www.mobilnost.hr\/hr\/sadrzaj\/programi\/erasmus\/erasmus-mladi\/europe-goes-local\/\" target=\"_blank\" rel=\"noopener\">Europe Goes Local<\/a>\u00a0najve\u0107i je europski projekt u podru\u010dju rada s mladima te se provodi uz financijsku potporu programa Erasmus+ i za cilj ima pobolj\u0161ati kvalitetu rada s mladima posebice kroz ja\u010danje suradnje izme\u0111u razli\u010ditih dionika na lokalnoj razini \u2013 predstavnika jedinica regionalne i lokalne samouprave te osoba aktivnih u radu s mladima.<\/p>\n<p>U partnerstvu sa Sredi\u0161njim dr\u017eavnim uredom za demografiju i mlade, Agencija za mobilnost i programe EU zadu\u017eena je za koordiniranje aktivnosti na nacionalnoj razini te koordiniranje nacionalne skupine stru\u010dnjaka koju u ovom trenutku \u010dini osam \u010dlanova iz civilnog i akademskog sektora.<\/p>\n<p>O Pozivu vi\u0161e na: \u00a0<a href=\"https:\/\/bit.ly\/3aDj81A\" target=\"_blank\" rel=\"noopener\">https:\/\/bit.ly\/3aDj81A<\/a><\/p>","protected":false},"excerpt":{"rendered":"<p>Agencija za mobilnost i programe poziva gradove da se uklju\u010de u projekt Europe Goes Local -Supporting Youth Work at the Municipal Level. Projekt\u00a0Europe Goes Local\u00a0najve\u0107i je europski projekt u podru\u010dju rada s mladima te se provodi uz financijsku potporu programa Erasmus+ i za cilj ima pobolj\u0161ati kvalitetu rada s mladima posebice kroz ja\u010danje suradnje izme\u0111u [&hellip;]<\/p>","protected":false},"author":2,"featured_media":5942,"comment_status":"closed","ping_status":"closed","sticky":false,"template":"","format":"standard","meta":{"_et_pb_use_builder":"","_et_pb_old_content":"","_et_gb_content_width":"","footnotes":""},"categories":[4],"tags":[],"class_list":["post-6092","post","type-post","status-publish","format-standard","has-post-thumbnail","hentry","category-vijesti"],"_links":{"self":[{"href":"https:\/\/www.ra-vsz.hr\/en\/wp-json\/wp\/v2\/posts\/6092","targetHints":{"allow":["GET"]}}],"collection":[{"href":"https:\/\/www.ra-vsz.hr\/en\/wp-json\/wp\/v2\/posts"}],"about":[{"href":"https:\/\/www.ra-vsz.hr\/en\/wp-json\/wp\/v2\/types\/post"}],"author":[{"embeddable":true,"href":"https:\/\/www.ra-vsz.hr\/en\/wp-json\/wp\/v2\/users\/2"}],"replies":[{"embeddable":true,"href":"https:\/\/www.ra-vsz.hr\/en\/wp-json\/wp\/v2\/comments?post=6092"}],"version-history":[{"count":1,"href":"https:\/\/www.ra-vsz.hr\/en\/wp-json\/wp\/v2\/posts\/6092\/revisions"}],"predecessor-version":[{"id":10721,"href":"https:\/\/www.ra-vsz.hr\/en\/wp-json\/wp\/v2\/posts\/6092\/revisions\/10721"}],"wp:featuredmedia":[{"embeddable":true,"href":"https:\/\/www.ra-vsz.hr\/en\/wp-json\/"}],"wp:attachment":[{"href":"https:\/\/www.ra-vsz.hr\/en\/wp-json\/wp\/v2\/media?parent=6092"}],"wp:term":[{"taxonomy":"category","embeddable":true,"href":"https:\/\/www.ra-vsz.hr\/en\/wp-json\/wp\/v2\/categories?post=6092"},{"taxonomy":"post_tag","embeddable":true,"href":"https:\/\/www.ra-vsz.hr\/en\/wp-json\/wp\/v2\/tags?post=6092"}],"curies":[{"name":"wp","href":"https:\/\/api.w.org\/{rel}","templated":true}]}}