{"id":6016,"date":"2021-08-06T08:11:50","date_gmt":"2021-08-06T06:11:50","guid":{"rendered":"https:\/\/www.ra-vsz.hr\/?p=6016"},"modified":"2023-01-29T18:14:29","modified_gmt":"2023-01-29T18:14:29","slug":"projekt-pronadena-neet","status":"publish","type":"post","link":"https:\/\/www.ra-vsz.hr\/en\/projekt-pronadena-neet\/","title":{"rendered":"Projekt &#8220;Prona\u0111ena NEET&#8221;"},"content":{"rendered":"<p style=\"text-align: center;\">\n<p><strong>\u201eProna\u0111ena NEET\u201c<\/strong> projekt je koji Razvojna agencija Vukovarsko-srijemske \u017eupanije kao partnerska institucija provodi sa nositeljem projekta PRONI Centrom za socijalno podu\u010davanje i partnerima Pu\u010dko<\/p>\n<p>otvoreno u\u010dili\u0161te Osijek, Nansen dijalog centar Osijek, te podru\u010dnih ureda Hrvatskoga zavoda za zapo\u0161ljavanje Vukovar i Osijek.<\/p>\n<p>Cilj projekta Prona\u0111ena NEET je doprinijeti dosegu, aktivaciji i motiviranju mladih neaktivnih osoba u NEET (&#8220;Not in Education, Employment, or Training&#8221;) statusu do 29 godina\u00a0 na uklju\u010divanje u obrazovne programe i tr\u017ei\u0161te rada putem informiranja, osna\u017eivanja i uspostave novih usluga i servisa na podru\u010dju Osje\u010dko-baranjske i Vukovarsko-srijemske \u017eupanije.<\/p>\n<p><strong>Projekt \u0107e osigurati mapiranje, uklju\u010divanje, osobni razvoj, stru\u010dno obrazovanje te osna\u017eivanje za<\/strong><\/p>\n<p><strong>uklju\u010divanje u obrazovne programe i tr\u017ei\u0161te rada za 30 vi\u0161estruko marginaliziranih mladih u NEET<\/strong><\/p>\n<p><strong>statusu iz zajednica u Osje\u010dko-baranjskoj i Vukovarsko-srijemskoj \u017eupaniji.<\/strong><\/p>\n<p>Osobe s NEET statusom su osobe koje se ne nalaze u procesu \u0161kolovanja, zaposlenja, nisu u evidenciji HZZ-a kao nezaposlene osobe te nisu polaznici ve\u0107 postoje\u0107eg verificiranog te\u010daja.\u00a0 <strong>Za sve prijavljene polaznike \u2013 NEET-ovce svi te\u010dajevi su besplatni.<\/strong> <strong>Tako\u0111er, za najboljeg NEET-ovca iz projekta su osigurana sredstva za nagradu, a nagrada je polaganje voza\u010dkog ispita u auto\u0161koli.<\/strong><\/p>\n<p>Projekt se provodi u okviru programa Europskog socijalnog fonda \u201cProna\u0111i me!\u201d \u2013 provedba<\/p>\n<p>aktivnosti dosega i obrazovanja neaktivnih mladih osoba u NEET statusu, a financiran je sredstvima EU<\/p>\n<p>u ukupnom iznosu od 1.557.623,41 kn.<\/p>\n<p>Projekt traje od 12. srpnja 2021. do 11. sije\u010dnja 2023. godine, u ukupnom trajanju od 18 mjeseci.<\/p>\n<p style=\"text-align: justify;\">","protected":false},"excerpt":{"rendered":"<p>\u201eProna\u0111ena NEET\u201c projekt je koji Razvojna agencija Vukovarsko-srijemske \u017eupanije kao partnerska institucija provodi sa nositeljem projekta PRONI Centrom za socijalno podu\u010davanje i partnerima Pu\u010dko otvoreno u\u010dili\u0161te Osijek, Nansen dijalog centar Osijek, te podru\u010dnih ureda Hrvatskoga zavoda za zapo\u0161ljavanje Vukovar i Osijek. Cilj projekta Prona\u0111ena NEET je doprinijeti dosegu, aktivaciji i motiviranju mladih neaktivnih osoba u [&hellip;]<\/p>","protected":false},"author":2,"featured_media":6017,"comment_status":"closed","ping_status":"closed","sticky":false,"template":"","format":"standard","meta":{"_et_pb_use_builder":"","_et_pb_old_content":"","_et_gb_content_width":"","footnotes":""},"categories":[4],"tags":[],"class_list":["post-6016","post","type-post","status-publish","format-standard","has-post-thumbnail","hentry","category-vijesti"],"_links":{"self":[{"href":"https:\/\/www.ra-vsz.hr\/en\/wp-json\/wp\/v2\/posts\/6016","targetHints":{"allow":["GET"]}}],"collection":[{"href":"https:\/\/www.ra-vsz.hr\/en\/wp-json\/wp\/v2\/posts"}],"about":[{"href":"https:\/\/www.ra-vsz.hr\/en\/wp-json\/wp\/v2\/types\/post"}],"author":[{"embeddable":true,"href":"https:\/\/www.ra-vsz.hr\/en\/wp-json\/wp\/v2\/users\/2"}],"replies":[{"embeddable":true,"href":"https:\/\/www.ra-vsz.hr\/en\/wp-json\/wp\/v2\/comments?post=6016"}],"version-history":[{"count":1,"href":"https:\/\/www.ra-vsz.hr\/en\/wp-json\/wp\/v2\/posts\/6016\/revisions"}],"predecessor-version":[{"id":10648,"href":"https:\/\/www.ra-vsz.hr\/en\/wp-json\/wp\/v2\/posts\/6016\/revisions\/10648"}],"wp:featuredmedia":[{"embeddable":true,"href":"https:\/\/www.ra-vsz.hr\/en\/wp-json\/"}],"wp:attachment":[{"href":"https:\/\/www.ra-vsz.hr\/en\/wp-json\/wp\/v2\/media?parent=6016"}],"wp:term":[{"taxonomy":"category","embeddable":true,"href":"https:\/\/www.ra-vsz.hr\/en\/wp-json\/wp\/v2\/categories?post=6016"},{"taxonomy":"post_tag","embeddable":true,"href":"https:\/\/www.ra-vsz.hr\/en\/wp-json\/wp\/v2\/tags?post=6016"}],"curies":[{"name":"wp","href":"https:\/\/api.w.org\/{rel}","templated":true}]}}