{"id":5972,"date":"2021-10-04T07:50:54","date_gmt":"2021-10-04T05:50:54","guid":{"rendered":"https:\/\/www.ra-vsz.hr\/?p=5972"},"modified":"2023-01-30T18:37:03","modified_gmt":"2023-01-30T18:37:03","slug":"odrzana-konferencija-dani-regionalnoga-razvoja-i-fondova-eu-nove-prilike","status":"publish","type":"post","link":"https:\/\/www.ra-vsz.hr\/en\/odrzana-konferencija-dani-regionalnoga-razvoja-i-fondova-eu-nove-prilike\/","title":{"rendered":"Odr\u017eana konferencija \u201eDani regionalnoga razvoja i fondova EU \u2013 Nove prilike\u201c"},"content":{"rendered":"<p>U \u010detvrtak i petak, 30 rujna i 1. listopada 2021. godine, u organizaciji Ministarstva regionalnoga razvoja i fondova Europske unije odr\u017eana je konferencija \u201cDani regionalnoga razvoja i fondova EU \u2013 Nove prilike\u201d.<\/p>\n<p>Konferencija je usmjerena na aktere regionalnoga razvoja na svim razinama, a istodobno je i prilika za razmjenu iskustava, umre\u017eavanje i ja\u010danje suradnje s ciljem u\u010dinkovitijeg provo\u0111enja projekata u novom financijskom razdoblju.<\/p>\n<p>Glavna tema konferencije bila je mogu\u0107nost financiranja projekata kroz Vi\u0161egodi\u0161nji financijski okvir 2021.-2027. te Nacionalni plan oporavka i otpornosti, a sudionicima su predstavljeni i dosada\u0161nji rezultati kori\u0161tenja EU fondova, s obzirom da su do rujna 2021. godine ugovoreni projekti u vrijednosti od 13,18 milijardi eura dodijeljenih sredstava, a ukupno je ispla\u0107eno 6,51 milijardi eura (60,64 % od prvotno dodijeljenih sredstava) te je ovjereno 5,36 milijardi eura odnosno 49,98 % dodijeljenih sredstava. Odnosno, Hrvatska je u plusu 6,01 milijardi eura s obzirom na upla\u0107ena sredstva u prora\u010dun Europske unije.<\/p>\n<p>Konferenciju je u \u010detvrtak otvorio predsjednik Vlade Andrej Plenkovi\u0107a, a o mogu\u0107nostima i novim prilikama koje nas o\u010dekuju govorili su potpredsjednik Vlade i ministar financija Zdravko Mari\u0107, ministrica regionalnoga razvoja i fondova Europske unije Nata\u0161a Trami\u0161ak, ministar rada, mirovinskoga sustava, obitelji i socijalne politike Josip Aladrovi\u0107, ministrica poljoprivrede Marija Vu\u010dkovi\u0107 te dr\u017eavni tajnici i ravnatelji uprava.<\/p>\n<p>Ispred Razvojne agencije Vukovarsko-srijemske \u017eupanije na konferenciji su sudjelovali Ilija Cota, ravnatelj Agencije, Marija Devi\u0107, zamjenica ravnatelja, Zrinka Lon\u010dar, voditeljica Odjela za pripremu programa i projekata te Goran Koprivnjak, voditelj Odjela za provedbu programa i projekata.<\/p>","protected":false},"excerpt":{"rendered":"<p>U \u010detvrtak i petak, 30 rujna i 1. listopada 2021. godine, u organizaciji Ministarstva regionalnoga razvoja i fondova Europske unije odr\u017eana je konferencija \u201cDani regionalnoga razvoja i fondova EU \u2013 Nove prilike\u201d. Konferencija je usmjerena na aktere regionalnoga razvoja na svim razinama, a istodobno je i prilika za razmjenu iskustava, umre\u017eavanje i ja\u010danje suradnje s [&hellip;]<\/p>","protected":false},"author":2,"featured_media":5973,"comment_status":"closed","ping_status":"closed","sticky":false,"template":"","format":"standard","meta":{"_et_pb_use_builder":"","_et_pb_old_content":"","_et_gb_content_width":"","footnotes":""},"categories":[4],"tags":[],"class_list":["post-5972","post","type-post","status-publish","format-standard","has-post-thumbnail","hentry","category-vijesti"],"_links":{"self":[{"href":"https:\/\/www.ra-vsz.hr\/en\/wp-json\/wp\/v2\/posts\/5972","targetHints":{"allow":["GET"]}}],"collection":[{"href":"https:\/\/www.ra-vsz.hr\/en\/wp-json\/wp\/v2\/posts"}],"about":[{"href":"https:\/\/www.ra-vsz.hr\/en\/wp-json\/wp\/v2\/types\/post"}],"author":[{"embeddable":true,"href":"https:\/\/www.ra-vsz.hr\/en\/wp-json\/wp\/v2\/users\/2"}],"replies":[{"embeddable":true,"href":"https:\/\/www.ra-vsz.hr\/en\/wp-json\/wp\/v2\/comments?post=5972"}],"version-history":[{"count":1,"href":"https:\/\/www.ra-vsz.hr\/en\/wp-json\/wp\/v2\/posts\/5972\/revisions"}],"predecessor-version":[{"id":10707,"href":"https:\/\/www.ra-vsz.hr\/en\/wp-json\/wp\/v2\/posts\/5972\/revisions\/10707"}],"wp:featuredmedia":[{"embeddable":true,"href":"https:\/\/www.ra-vsz.hr\/en\/wp-json\/"}],"wp:attachment":[{"href":"https:\/\/www.ra-vsz.hr\/en\/wp-json\/wp\/v2\/media?parent=5972"}],"wp:term":[{"taxonomy":"category","embeddable":true,"href":"https:\/\/www.ra-vsz.hr\/en\/wp-json\/wp\/v2\/categories?post=5972"},{"taxonomy":"post_tag","embeddable":true,"href":"https:\/\/www.ra-vsz.hr\/en\/wp-json\/wp\/v2\/tags?post=5972"}],"curies":[{"name":"wp","href":"https:\/\/api.w.org\/{rel}","templated":true}]}}