{"id":5964,"date":"2021-10-01T14:07:59","date_gmt":"2021-10-01T12:07:59","guid":{"rendered":"https:\/\/www.ra-vsz.hr\/?p=5964"},"modified":"2023-01-30T18:36:50","modified_gmt":"2023-01-30T18:36:50","slug":"otvoren-je-poziv-za-srednje-projekte-udruga","status":"publish","type":"post","link":"https:\/\/www.ra-vsz.hr\/en\/otvoren-je-poziv-za-srednje-projekte-udruga\/","title":{"rendered":"Otvoren je Poziv za srednje projekte udruga"},"content":{"rendered":"<p>Fond za aktivno gra\u0111anstvo u Hrvatskoj je danas, 1. listopada 2021. godine, otvorio peti po redu poziv za financiranje projekata organizacija civilnog dru\u0161tva. Rije\u010d je Pozivu za srednje projekte u okviru kojega je dostupno ukupno 2,62 milijuna eura u dvije grupe.<\/p>\n<p>Ovim Pozivom bit \u0107e podr\u017eani projekti u trajanju od 12 do 15 mjeseci \u010dija \u0107e provedba utjecati na postizanje dugoro\u010dnih pozitivnih dru\u0161tvenih promjena u jednom od prioritetnih programskih podru\u010dja podr\u0161ke Fonda. U fokusu su projektne intervencije koje uklju\u010duju razvoj i provedbu postoje\u0107ih i\/ili novih aktivnosti, pristupa i metodologije te postizanje rezultata s nagla\u0161enim multiplikacijskim u\u010dinkom.<\/p>\n<p>Najmanje 50% ukupno dodijeljenih sredstava \u0107e biti dodijeljeno organizacijama s nedovoljno razvijenih i depriviranih podru\u010dja i\/ili organizacijama koje rade sa socijalno isklju\u010denim i marginaliziranim ciljanim skupinama.<\/p>\n<p>Iznos financijske podr\u0161ke po projektu:<\/p>\n<p>Grupa 1 (organizacije s prosje\u010dnim godi\u0161njim prihodom do 50.000 eura): 15.000-30.000 \u20ac<\/p>\n<p>Grupa 2 (organizacije s prosje\u010dnim godi\u0161njim prihodom ve\u0107im od 50.000\u20ac) : 30.001 &#8211; 90.000 eura<\/p>\n<p>Raspolo\u017eivi iznos podr\u0161ki: 2,62M eura<\/p>\n<p>Stopa financiranja: 100% ukupnih prihvatljivih tro\u0161kova projekta.<\/p>\n<p>Trajanje provedbe projekta: 12-15 mjeseci<\/p>\n<p>Poziv je dvostupanjski, a za prijave projektnih sa\u017eetaka je otvoren do 30. studenog 2021. godine u podne.<\/p>\n<p>Vi\u0161e o samom Pozivu mo\u017eete prona\u0107i na <a href=\"https:\/\/acfcroatia.hr\/srednji-projekti\/\" target=\"_blank\" rel=\"noopener\">stranici<\/a>.<\/p>","protected":false},"excerpt":{"rendered":"<p>Fond za aktivno gra\u0111anstvo u Hrvatskoj je danas, 1. listopada 2021. godine, otvorio peti po redu poziv za financiranje projekata organizacija civilnog dru\u0161tva. Rije\u010d je Pozivu za srednje projekte u okviru kojega je dostupno ukupno 2,62 milijuna eura u dvije grupe. Ovim Pozivom bit \u0107e podr\u017eani projekti u trajanju od 12 do 15 mjeseci \u010dija [&hellip;]<\/p>","protected":false},"author":2,"featured_media":5968,"comment_status":"closed","ping_status":"closed","sticky":false,"template":"","format":"standard","meta":{"_et_pb_use_builder":"","_et_pb_old_content":"","_et_gb_content_width":"","footnotes":""},"categories":[4],"tags":[],"class_list":["post-5964","post","type-post","status-publish","format-standard","has-post-thumbnail","hentry","category-vijesti"],"_links":{"self":[{"href":"https:\/\/www.ra-vsz.hr\/en\/wp-json\/wp\/v2\/posts\/5964","targetHints":{"allow":["GET"]}}],"collection":[{"href":"https:\/\/www.ra-vsz.hr\/en\/wp-json\/wp\/v2\/posts"}],"about":[{"href":"https:\/\/www.ra-vsz.hr\/en\/wp-json\/wp\/v2\/types\/post"}],"author":[{"embeddable":true,"href":"https:\/\/www.ra-vsz.hr\/en\/wp-json\/wp\/v2\/users\/2"}],"replies":[{"embeddable":true,"href":"https:\/\/www.ra-vsz.hr\/en\/wp-json\/wp\/v2\/comments?post=5964"}],"version-history":[{"count":1,"href":"https:\/\/www.ra-vsz.hr\/en\/wp-json\/wp\/v2\/posts\/5964\/revisions"}],"predecessor-version":[{"id":10706,"href":"https:\/\/www.ra-vsz.hr\/en\/wp-json\/wp\/v2\/posts\/5964\/revisions\/10706"}],"wp:featuredmedia":[{"embeddable":true,"href":"https:\/\/www.ra-vsz.hr\/en\/wp-json\/"}],"wp:attachment":[{"href":"https:\/\/www.ra-vsz.hr\/en\/wp-json\/wp\/v2\/media?parent=5964"}],"wp:term":[{"taxonomy":"category","embeddable":true,"href":"https:\/\/www.ra-vsz.hr\/en\/wp-json\/wp\/v2\/categories?post=5964"},{"taxonomy":"post_tag","embeddable":true,"href":"https:\/\/www.ra-vsz.hr\/en\/wp-json\/wp\/v2\/tags?post=5964"}],"curies":[{"name":"wp","href":"https:\/\/api.w.org\/{rel}","templated":true}]}}