{"id":5957,"date":"2021-10-01T14:01:19","date_gmt":"2021-10-01T12:01:19","guid":{"rendered":"https:\/\/www.ra-vsz.hr\/?p=5957"},"modified":"2023-01-30T18:36:35","modified_gmt":"2023-01-30T18:36:35","slug":"odrzan-xiv-gospodarski-forum-vukovarsko-srijemske-zupanije","status":"publish","type":"post","link":"https:\/\/www.ra-vsz.hr\/en\/odrzan-xiv-gospodarski-forum-vukovarsko-srijemske-zupanije\/","title":{"rendered":"Odr\u017ean XIV. Gospodarski forum Vukovarsko-srijemske \u017eupanije"},"content":{"rendered":"<p>Danas je u Vili Tovarnik odr\u017ean XIV. Gospodarski forum Vukovarsko-srijemske \u017eupanije na temu \u201eRazvoj sela u novoj financijskoj perspektivi\u201c.<\/p>\n<p>Nazo\u010dne su pozdravili na\u010delnik op\u0107ine Tovarnik An\u0111elko Dobro\u010dinac i na\u010delnica op\u0107ine Lovas Tanja Cirba.<\/p>\n<p>Na forumu je sudjelovala i Razvojna agencija Vukovarsko-srijemske \u017eupanije koja je ujedno i suorganizator istog. Vedrana D\u017eoi\u0107, voditeljica Odjela za istra\u017eivanje, razvoj i me\u0111unarodnu suradnju odr\u017eala je prezentaciju na temu <em>Digitalnog inovacijskog centra Pannonia<\/em>.<\/p>\n<p>Sudionici foruma bili su poduzetnici, predstavnici OPG-ova, razvojni dionici s podru\u010dja Vukovarsko-srijemske \u017eupanije i brojni projektni partneri.\u00a0Prezentacije su odr\u017eali i Ured za me\u0111unarodnu suradnju TINTL \u201e<em>Mogu\u0107nosti za gospodarstvenike na podru\u010dju Srijema<\/em>\u201c, EU centar \u201e<em>Mogu\u0107nosti financiranja zelenih projekata iz EU fondova<\/em>\u201c, LAG Srijem \u201e<em>LAG natje\u010daji sada i u novoj financijskoj perspektivi<\/em>\u201c, Ministarstvo poljoprivrede \u201eB<em>udu\u0107i strate\u0161ki plan te pametna sela<\/em>\u201c i \u201e<em>Proizvo\u0111a\u010dke organizacije<\/em>\u201c, Agro-klaster d.o.o. \u201e<em>Primjer dobre prakse \u2013 projekti i planovi<\/em>\u201c, PZ JabukaHR \u201e<em>Primjer dobre prakse proizvo\u0111a\u010dke organizacije<\/em>\u201c, Op\u0107ina Tovarnik \u201e<em>Projekt financiran sredstvima EU \u2013 Enhancement of competitiveness of transational business competance centers and networks<\/em>\u201c.<\/p>","protected":false},"excerpt":{"rendered":"<p>Danas je u Vili Tovarnik odr\u017ean XIV. Gospodarski forum Vukovarsko-srijemske \u017eupanije na temu \u201eRazvoj sela u novoj financijskoj perspektivi\u201c. Nazo\u010dne su pozdravili na\u010delnik op\u0107ine Tovarnik An\u0111elko Dobro\u010dinac i na\u010delnica op\u0107ine Lovas Tanja Cirba. Na forumu je sudjelovala i Razvojna agencija Vukovarsko-srijemske \u017eupanije koja je ujedno i suorganizator istog. Vedrana D\u017eoi\u0107, voditeljica Odjela za istra\u017eivanje, razvoj [&hellip;]<\/p>","protected":false},"author":2,"featured_media":5958,"comment_status":"closed","ping_status":"closed","sticky":false,"template":"","format":"standard","meta":{"_et_pb_use_builder":"","_et_pb_old_content":"","_et_gb_content_width":"","footnotes":""},"categories":[4],"tags":[],"class_list":["post-5957","post","type-post","status-publish","format-standard","has-post-thumbnail","hentry","category-vijesti"],"_links":{"self":[{"href":"https:\/\/www.ra-vsz.hr\/en\/wp-json\/wp\/v2\/posts\/5957","targetHints":{"allow":["GET"]}}],"collection":[{"href":"https:\/\/www.ra-vsz.hr\/en\/wp-json\/wp\/v2\/posts"}],"about":[{"href":"https:\/\/www.ra-vsz.hr\/en\/wp-json\/wp\/v2\/types\/post"}],"author":[{"embeddable":true,"href":"https:\/\/www.ra-vsz.hr\/en\/wp-json\/wp\/v2\/users\/2"}],"replies":[{"embeddable":true,"href":"https:\/\/www.ra-vsz.hr\/en\/wp-json\/wp\/v2\/comments?post=5957"}],"version-history":[{"count":1,"href":"https:\/\/www.ra-vsz.hr\/en\/wp-json\/wp\/v2\/posts\/5957\/revisions"}],"predecessor-version":[{"id":10705,"href":"https:\/\/www.ra-vsz.hr\/en\/wp-json\/wp\/v2\/posts\/5957\/revisions\/10705"}],"wp:featuredmedia":[{"embeddable":true,"href":"https:\/\/www.ra-vsz.hr\/en\/wp-json\/"}],"wp:attachment":[{"href":"https:\/\/www.ra-vsz.hr\/en\/wp-json\/wp\/v2\/media?parent=5957"}],"wp:term":[{"taxonomy":"category","embeddable":true,"href":"https:\/\/www.ra-vsz.hr\/en\/wp-json\/wp\/v2\/categories?post=5957"},{"taxonomy":"post_tag","embeddable":true,"href":"https:\/\/www.ra-vsz.hr\/en\/wp-json\/wp\/v2\/tags?post=5957"}],"curies":[{"name":"wp","href":"https:\/\/api.w.org\/{rel}","templated":true}]}}