{"id":5941,"date":"2021-09-30T14:50:59","date_gmt":"2021-09-30T12:50:59","guid":{"rendered":"https:\/\/www.ra-vsz.hr\/?p=5941"},"modified":"2023-01-30T18:34:55","modified_gmt":"2023-01-30T18:34:55","slug":"poziv-na-prijavu-za-sudjelovanje-na-virtualnom-online-kontaktnom-seminaru-za-skole-u-okviru-aktivnosti-transnacionalne-suradnje-tca-mobility-of-school-pupils-in-ka1-27","status":"publish","type":"post","link":"https:\/\/www.ra-vsz.hr\/en\/poziv-na-prijavu-za-sudjelovanje-na-virtualnom-online-kontaktnom-seminaru-za-skole-u-okviru-aktivnosti-transnacionalne-suradnje-tca-mobility-of-school-pupils-in-ka1-27\/","title":{"rendered":"Poziv na prijavu za sudjelovanje na virtualnom (online) kontaktnom seminaru za \u0161kole u okviru aktivnosti transnacionalne suradnje (TCA): \u201dMobility of School Pupils in KA1\u201d, 27. \u2013 28. listopada 2021.; rok za prijavu: 8. listopada 2021. godine."},"content":{"rendered":"<p>Agencija za mobilnost i programe Europske unije poziva vas na prijavu za sudjelovanje na virtualnom kontaktnom seminaru pod nazivom\u202f&#8221;Mobility of School Pupils in KA1&#8243;, koji \u0107e se odr\u017eati od 27. do 28. listopada 2021. u organizaciji latvijske nacionalne Erasmus+ agencije.<\/p>\n<p>Kontaktni seminar namijenjen je odgojno-obrazovnim djelatnicima osnovnih i srednjih \u0161kola; prvenstveno ravnateljima, projektnim koordinatorima koji ve\u0107 imaju iskustvo provedbe projekata, ali i svim ostalim nastavnicima i u\u010diteljima koji su zainteresirani za provedbu u\u010deni\u010dkih mobilnosti u okviru programa Erasmus+ u svrhu njihove integracije u razvojni plan ustanove. Bez obzira na navedeno, projektno iskustvo nije uvjet za sudjelovanje na seminaru.<\/p>\n<p>Zainteresirani sudionici trebaju se prijaviti putem\u00a0<a href=\"https:\/\/salto-et.net\/events\/show\/LV01_0226_TSS_2020\" target=\"_blank\" rel=\"noopener\">SALTO platforme<\/a>, na koju se potrebno prethodno registrirati.<\/p>\n<p>Krajnji rok za prijavu na kontaktni seminar je 8. listopada 2021.g.<\/p>\n<p>Vi\u0161e informacija mo\u017eete prona\u0107i na sljede\u0107oj <a href=\"https:\/\/www.mobilnost.hr\/hr\/natjecaji\/poziv-na-prijavu-za-sudjelovanje-na-virtualnom-online-kontaktnom-seminaru-za-skole-u-okviru-aktivnosti-transnacionalne-suradnje-tca-mobility-of-school-pupils-in-ka1-27-28-listopada-2021-rok-za-prijavu-8-listopada-2021-g\/\" target=\"_blank\" rel=\"noopener\">poveznici.<\/a><\/p>","protected":false},"excerpt":{"rendered":"<p>Agencija za mobilnost i programe Europske unije poziva vas na prijavu za sudjelovanje na virtualnom kontaktnom seminaru pod nazivom\u202f&#8221;Mobility of School Pupils in KA1&#8243;, koji \u0107e se odr\u017eati od 27. do 28. listopada 2021. u organizaciji latvijske nacionalne Erasmus+ agencije. Kontaktni seminar namijenjen je odgojno-obrazovnim djelatnicima osnovnih i srednjih \u0161kola; prvenstveno ravnateljima, projektnim koordinatorima koji [&hellip;]<\/p>","protected":false},"author":2,"featured_media":5942,"comment_status":"closed","ping_status":"closed","sticky":false,"template":"","format":"standard","meta":{"_et_pb_use_builder":"","_et_pb_old_content":"","_et_gb_content_width":"","footnotes":""},"categories":[4],"tags":[],"class_list":["post-5941","post","type-post","status-publish","format-standard","has-post-thumbnail","hentry","category-vijesti"],"_links":{"self":[{"href":"https:\/\/www.ra-vsz.hr\/en\/wp-json\/wp\/v2\/posts\/5941","targetHints":{"allow":["GET"]}}],"collection":[{"href":"https:\/\/www.ra-vsz.hr\/en\/wp-json\/wp\/v2\/posts"}],"about":[{"href":"https:\/\/www.ra-vsz.hr\/en\/wp-json\/wp\/v2\/types\/post"}],"author":[{"embeddable":true,"href":"https:\/\/www.ra-vsz.hr\/en\/wp-json\/wp\/v2\/users\/2"}],"replies":[{"embeddable":true,"href":"https:\/\/www.ra-vsz.hr\/en\/wp-json\/wp\/v2\/comments?post=5941"}],"version-history":[{"count":1,"href":"https:\/\/www.ra-vsz.hr\/en\/wp-json\/wp\/v2\/posts\/5941\/revisions"}],"predecessor-version":[{"id":10702,"href":"https:\/\/www.ra-vsz.hr\/en\/wp-json\/wp\/v2\/posts\/5941\/revisions\/10702"}],"wp:featuredmedia":[{"embeddable":true,"href":"https:\/\/www.ra-vsz.hr\/en\/wp-json\/"}],"wp:attachment":[{"href":"https:\/\/www.ra-vsz.hr\/en\/wp-json\/wp\/v2\/media?parent=5941"}],"wp:term":[{"taxonomy":"category","embeddable":true,"href":"https:\/\/www.ra-vsz.hr\/en\/wp-json\/wp\/v2\/categories?post=5941"},{"taxonomy":"post_tag","embeddable":true,"href":"https:\/\/www.ra-vsz.hr\/en\/wp-json\/wp\/v2\/tags?post=5941"}],"curies":[{"name":"wp","href":"https:\/\/api.w.org\/{rel}","templated":true}]}}