{"id":5917,"date":"2021-09-28T08:12:14","date_gmt":"2021-09-28T06:12:14","guid":{"rendered":"https:\/\/www.ra-vsz.hr\/?p=5917"},"modified":"2021-09-28T08:12:14","modified_gmt":"2021-09-28T06:12:14","slug":"natjecaj-za-dodjelu-nagrade-za-promicanje-prava-djeteta-u-2021-godini","status":"publish","type":"post","link":"https:\/\/www.ra-vsz.hr\/en\/natjecaj-za-dodjelu-nagrade-za-promicanje-prava-djeteta-u-2021-godini\/","title":{"rendered":"Natje\u010daj za dodjelu Nagrade za promicanje prava djeteta u 2021. godini"},"content":{"rendered":"<p>[vc_row][vc_column width=&#8221;1\/2&#8243;][vc_empty_space height=&#8221;55px&#8221;][\/vc_column][vc_column width=&#8221;1\/2&#8243;][vc_empty_space][\/vc_column][\/vc_row][vc_row][vc_column width=&#8221;1\/4&#8243;][\/vc_column][vc_column width=&#8221;1\/2&#8243;][pt_heading content_aling=&#8221;tac&#8221; heading_size=&#8221;h3&#8243; uniqid=&#8221;609db47d87fdd&#8221; sub_heading=&#8221;Objavljeno: 28.09.2021.&#8221; heading=&#8221;Natje\u010daj za dodjelu Nagrade za promicanje prava djeteta u 2021. godini&#8221;][vc_single_image image=&#8221;5921&#8243; img_size=&#8221;medium&#8221; alignment=&#8221;center&#8221;][\/vc_column][vc_column width=&#8221;1\/4&#8243;][\/vc_column][\/vc_row][vc_row][vc_column width=&#8221;1\/6&#8243;][\/vc_column][vc_column width=&#8221;2\/3&#8243;][vc_column_text]Republika Hrvatska povodom obilje\u017eavanja dana prihva\u0107anja Konvencije o pravima djeteta svake godine dodjeljuje Nagradu za promicanje prava djeteta.<\/p>\n<p>Ministarstvo rada, mirovinskoga sustava, obitelji i socijalne politike raspisalo je Natje\u010daj za dodjelu Nagrade za promicanje prava djeteta u 2021. godini za iznimna postignu\u0107a u za\u0161titi dobrobiti, prava i interesa djece te poziva fizi\u010dke i pravne osobe da predlo\u017ee kandidate za godi\u0161nju nagradu i za nagradu za \u017eivotno djelo.<\/p>\n<p>Natje\u010daj je objavljen 24. rujna 2021. godine u \u201eNarodnim novinama\u201c, a otvoren je 15 dana od objave odnosno do 9. listopada 2021. godine.<\/p>\n<p>Vi\u0161e o samom natje\u010daju mo\u017eete prona\u0107i na <a href=\"https:\/\/mrosp.gov.hr\/vijesti\/natjecaj-za-dodjelu-nagrade-za-promicanje-prava-djeteta-u-2021-godini\/12426\" target=\"_blank\" rel=\"noopener\">poveznici<\/a>.[\/vc_column_text][\/vc_column][vc_column width=&#8221;1\/6&#8243;][\/vc_column][\/vc_row]<\/p>","protected":false},"excerpt":{"rendered":"<p>[vc_row][vc_column width=&#8221;1\/2&#8243;][vc_empty_space height=&#8221;55px&#8221;][\/vc_column][vc_column width=&#8221;1\/2&#8243;][vc_empty_space][\/vc_column][\/vc_row][vc_row][vc_column width=&#8221;1\/4&#8243;][\/vc_column][vc_column width=&#8221;1\/2&#8243;][pt_heading content_aling=&#8221;tac&#8221; heading_size=&#8221;h3&#8243; uniqid=&#8221;609db47d87fdd&#8221; sub_heading=&#8221;Objavljeno: 28.09.2021.&#8221; heading=&#8221;Natje\u010daj za dodjelu Nagrade za promicanje prava djeteta u 2021. godini&#8221;][vc_single_image image=&#8221;5921&#8243; img_size=&#8221;medium&#8221; alignment=&#8221;center&#8221;][\/vc_column][vc_column width=&#8221;1\/4&#8243;][\/vc_column][\/vc_row][vc_row][vc_column width=&#8221;1\/6&#8243;][\/vc_column][vc_column width=&#8221;2\/3&#8243;][vc_column_text]Republika Hrvatska povodom obilje\u017eavanja dana prihva\u0107anja Konvencije o pravima djeteta svake godine dodjeljuje Nagradu za promicanje prava djeteta. Ministarstvo rada, mirovinskoga sustava, obitelji i socijalne politike raspisalo je [&hellip;]<\/p>","protected":false},"author":2,"featured_media":5918,"comment_status":"closed","ping_status":"closed","sticky":false,"template":"redux-templates_contained","format":"standard","meta":{"_et_pb_use_builder":"","_et_pb_old_content":"","_et_gb_content_width":"","footnotes":""},"categories":[4],"tags":[],"class_list":["post-5917","post","type-post","status-publish","format-standard","has-post-thumbnail","hentry","category-vijesti"],"_links":{"self":[{"href":"https:\/\/www.ra-vsz.hr\/en\/wp-json\/wp\/v2\/posts\/5917","targetHints":{"allow":["GET"]}}],"collection":[{"href":"https:\/\/www.ra-vsz.hr\/en\/wp-json\/wp\/v2\/posts"}],"about":[{"href":"https:\/\/www.ra-vsz.hr\/en\/wp-json\/wp\/v2\/types\/post"}],"author":[{"embeddable":true,"href":"https:\/\/www.ra-vsz.hr\/en\/wp-json\/wp\/v2\/users\/2"}],"replies":[{"embeddable":true,"href":"https:\/\/www.ra-vsz.hr\/en\/wp-json\/wp\/v2\/comments?post=5917"}],"version-history":[{"count":0,"href":"https:\/\/www.ra-vsz.hr\/en\/wp-json\/wp\/v2\/posts\/5917\/revisions"}],"wp:featuredmedia":[{"embeddable":true,"href":"https:\/\/www.ra-vsz.hr\/en\/wp-json\/"}],"wp:attachment":[{"href":"https:\/\/www.ra-vsz.hr\/en\/wp-json\/wp\/v2\/media?parent=5917"}],"wp:term":[{"taxonomy":"category","embeddable":true,"href":"https:\/\/www.ra-vsz.hr\/en\/wp-json\/wp\/v2\/categories?post=5917"},{"taxonomy":"post_tag","embeddable":true,"href":"https:\/\/www.ra-vsz.hr\/en\/wp-json\/wp\/v2\/tags?post=5917"}],"curies":[{"name":"wp","href":"https:\/\/api.w.org\/{rel}","templated":true}]}}