{"id":5860,"date":"2021-09-21T13:16:06","date_gmt":"2021-09-21T11:16:06","guid":{"rendered":"https:\/\/www.ra-vsz.hr\/?p=5860"},"modified":"2023-01-29T18:22:00","modified_gmt":"2023-01-29T18:22:00","slug":"objavljen-poziv-za-predlaganje-programa-javnih-potreba-u-kulturi-republike-hrvatske-za-2022-godinu","status":"publish","type":"post","link":"https:\/\/www.ra-vsz.hr\/en\/objavljen-poziv-za-predlaganje-programa-javnih-potreba-u-kulturi-republike-hrvatske-za-2022-godinu\/","title":{"rendered":"Objavljen Poziv za predlaganje programa javnih potreba u kulturi Republike Hrvatske za 2022. godinu"},"content":{"rendered":"<p><strong>Na temelju Zakona o financiranju javnih potreba u kulturi te nakon provedenih konzultacija s kulturnim vije\u0107ima i povjerenstvima, Ministarstvo kulture i medija Republike Hrvatske raspisalo je <em>Poziv za predlaganje programa javnih potreba u kulturi Republike Hrvatske za 2022. godinu<\/em>, s rokom podno\u0161enja prijava u razdoblju od 20. rujna do 20. listopada 2021. godine.<\/strong><\/p>\n<p>Pravo podno\u0161enja programa na temelju Poziva imaju samostalni umjetnici, umjetni\u010dke organizacije, ustanove u kulturi, udruge, pravne i fizi\u010dke osobe koje obavljaju djelatnost u kulturi.<\/p>\n<p>Podsje\u0107amo da je Ministarstvo kulture i medija, zbog \u0161teta uzrokovanih katastrofalnim potresima na pogo\u0111enim podru\u010djima u o\u017eujku i prosincu 2020., ove godine nacionalna sredstva ulo\u017eilo u provo\u0111enje hitnih mjera za\u0161tite stradalih kulturnih dobara (evakuacije, podupiranja, hitne sanacije itd.) i da \u0107e zbog toga natje\u010daj, kako smo ve\u0107 najavili u kolovozu ove godine, za financiranje programa za\u0161tite i o\u010duvanja kulturnih dobara za 2022. godinu biti raspisan u prosincu 2021.<\/p>\n<p>U Program javnih potreba, u skladu sa Zakonom o financiranju javnih potreba u kulturi, Pravilnikom o izboru i utvr\u0111ivanju programa javnih potreba u kulturi te ocjenom izvr\u0161enja dosada\u0161njih ugovornih obveza korisnika prema Ministarstvu kulture i medija, uvrstit \u0107e se programi redovne djelatnosti udruga u kulturi, dramske i plesne umjetnosti te izvedbenih umjetnosti, glazbe i glazbeno-scenske umjetnosti, kulturno-umjetni\u010dkog amaterizma (glazbenog i folklornog), \u00a0vizualnih umjetnosti, inovativnih umjetni\u010dkih i kulturnih praksi, monografija iz podru\u010dja kulture i umjetnosti, potpore izdavanju knjiga, potpore inozemnim nakladnicima za objavljivanje prijevoda djela hrvatskih autora, izdavanja \u010dasopisa i elektroni\u010dkih publikacija, knji\u017eevnih manifestacija i nastupa na sajmovima knjiga, knji\u017eevnih programa u knji\u017earama, knji\u017eni\u010dne djelatnosti, muzejske djelatnosti, digitalizacije kulturne ba\u0161tine, gradnje, rekonstrukcije i opremanja kulturne infrastrukture, te me\u0111unarodne kulturne suradnje.<\/p>\n<p>Svi prijavitelji upu\u0107uju se da predlo\u017ee programe koje je mogu\u0107e realizirati uz primjenu epidemiolo\u0161kih preporuka i mjera, koriste\u0107i sve mogu\u0107nosti umre\u017eavanja i suradnje sukladno specifi\u010dnosti svakoga podru\u010dja za koje se program prijavljuje.<\/p>\n<p>Posebno se o\u010dekuje da predlo\u017ee i u tro\u0161kovnik uklju\u010de razli\u010dite mogu\u0107nosti odr\u017eavanja programa, uklju\u010duju\u0107i kvalitetno i inovativno osmi\u0161ljene i producirane sadr\u017eaje u digitalnom obliku i drugim medijima, te planiraju ve\u0107i broj programskih aktivnosti manjih formata u kontinuitetu ili unutar ve\u0107e programske cjeline. O\u010dekuje se nadalje da prijavitelji u podru\u010dju izvedbenih umjetnosti programiraju ve\u0107i broj repriznih izvedbi, koprodukcija i razmjena, u programima muzejske djelatnosti i vizualnih umjetnosti planiraju manji broj projekata koji se realiziraju tijekom du\u017eeg vremenskog razdoblja, odr\u017eavaju programe na otvorenom i\/ili u alternativnim prostorima u kojima se mo\u017ee osigurati propisan razmak izme\u0111u posjetitelja sukladno epidemiolo\u0161kim uvjetima, te osiguraju i u tro\u0161kovnik uklju\u010de promid\u017ebu, odnosno sna\u017eniju vidljivost i medijsku popra\u0107enost prijavljenih programa.<\/p>\n<p>Od prijavitelja se tako\u0111er o\u010dekuje da \u0161to vi\u0161e sura\u0111uju s doma\u0107im autorima i umjetnicima, ostvaruju \u0161to ve\u0107u suradnju s drugim manifestacijama iz srodnih umjetni\u010dkih podru\u010dja s ciljem objedinjavanja prora\u010duna programa, umre\u017eavanja i stvaranja partnerskih suradnji te razvijanja nove publike bilo u digitalnom, bilo u fizi\u010dkom okru\u017eenju. Prijavitelje programa me\u0111unarodne kulturne suradnje upu\u0107uje se dostaviti prijedloge koje je mogu\u0107e provesti, imaju\u0107i u vidu bitno ograni\u010denu mogu\u0107nost mobilnosti umjetnika i profesionalaca, uz potvrde obiju strana o mogu\u0107nosti provedbe predlo\u017eenog programa.<\/p>\n<p>Vi\u0161e informacija o Pozivu mo\u017eete prona\u0107i na <a href=\"https:\/\/min-kulture.gov.hr\/vijesti-8\/objavljen-poziv-za-predlaganje-programa-javnih-potreba-u-kulturi-republike-hrvatske-za-2022-godinu\/21419\" target=\"_blank\" rel=\"noopener\">poveznici<\/a>.<\/p>","protected":false},"excerpt":{"rendered":"<p>Na temelju Zakona o financiranju javnih potreba u kulturi te nakon provedenih konzultacija s kulturnim vije\u0107ima i povjerenstvima, Ministarstvo kulture i medija Republike Hrvatske raspisalo je Poziv za predlaganje programa javnih potreba u kulturi Republike Hrvatske za 2022. godinu, s rokom podno\u0161enja prijava u razdoblju od 20. rujna do 20. listopada 2021. godine. Pravo podno\u0161enja [&hellip;]<\/p>","protected":false},"author":2,"featured_media":5861,"comment_status":"closed","ping_status":"closed","sticky":false,"template":"","format":"standard","meta":{"_et_pb_use_builder":"","_et_pb_old_content":"","_et_gb_content_width":"","footnotes":""},"categories":[4],"tags":[],"class_list":["post-5860","post","type-post","status-publish","format-standard","has-post-thumbnail","hentry","category-vijesti"],"_links":{"self":[{"href":"https:\/\/www.ra-vsz.hr\/en\/wp-json\/wp\/v2\/posts\/5860","targetHints":{"allow":["GET"]}}],"collection":[{"href":"https:\/\/www.ra-vsz.hr\/en\/wp-json\/wp\/v2\/posts"}],"about":[{"href":"https:\/\/www.ra-vsz.hr\/en\/wp-json\/wp\/v2\/types\/post"}],"author":[{"embeddable":true,"href":"https:\/\/www.ra-vsz.hr\/en\/wp-json\/wp\/v2\/users\/2"}],"replies":[{"embeddable":true,"href":"https:\/\/www.ra-vsz.hr\/en\/wp-json\/wp\/v2\/comments?post=5860"}],"version-history":[{"count":2,"href":"https:\/\/www.ra-vsz.hr\/en\/wp-json\/wp\/v2\/posts\/5860\/revisions"}],"predecessor-version":[{"id":10684,"href":"https:\/\/www.ra-vsz.hr\/en\/wp-json\/wp\/v2\/posts\/5860\/revisions\/10684"}],"wp:featuredmedia":[{"embeddable":true,"href":"https:\/\/www.ra-vsz.hr\/en\/wp-json\/"}],"wp:attachment":[{"href":"https:\/\/www.ra-vsz.hr\/en\/wp-json\/wp\/v2\/media?parent=5860"}],"wp:term":[{"taxonomy":"category","embeddable":true,"href":"https:\/\/www.ra-vsz.hr\/en\/wp-json\/wp\/v2\/categories?post=5860"},{"taxonomy":"post_tag","embeddable":true,"href":"https:\/\/www.ra-vsz.hr\/en\/wp-json\/wp\/v2\/tags?post=5860"}],"curies":[{"name":"wp","href":"https:\/\/api.w.org\/{rel}","templated":true}]}}