{"id":5820,"date":"2021-09-20T09:32:15","date_gmt":"2021-09-20T07:32:15","guid":{"rendered":"https:\/\/www.ra-vsz.hr\/?p=5820"},"modified":"2023-01-29T18:20:43","modified_gmt":"2023-01-29T18:20:43","slug":"razvojnoj-agenciji-urucena-sredstva-vrijedna-1-960-10378-kuna","status":"publish","type":"post","link":"https:\/\/www.ra-vsz.hr\/en\/razvojnoj-agenciji-urucena-sredstva-vrijedna-1-960-10378-kuna\/","title":{"rendered":"1.960.103,78 kuna Razvojnoj agenciji Vukovarsko-srijemske \u017eupanije"},"content":{"rendered":"<p>Ministrica <strong>Nata\u0161a Trami\u0161ak<\/strong> je 17. rujna u maloj \u017eupanijskoj vije\u0107nici Vukovarsko-srijemske \u017eupanije u Vinkovcima uru\u010dila ugovore o sufinanciranju EU projekata u vrijednosti 7,3 milijuna kuna \u017eupanu <strong>Damiru Dekani\u0107u<\/strong>, ravnatelju Razvojne agencije Vukovarsko-srijemske \u017eupanije <strong>Iliji Coti<\/strong>, zamjeniku gradona\u010delnika Vinkovaca <strong>Josipu Romi\u0107u<\/strong> te direktorici Agencije za razvoj i investicije grada Vinkovaca <strong>Danijeli Slip\u010devi\u0107<\/strong>.<\/p>\n<p>Razvojnoj agenciji Vukovarsko-srijemske \u017eupanije <strong>odobren je 100%-tni<\/strong> tra\u017eeni iznos <strong>(1.960.103,78 kuna)<\/strong> za vlastito u\u010de\u0161\u0107e u provedbi projekta \u201eESI fondovima do odr\u017eivog razvoja Vukovarsko-srijemske \u017eupanije\u201c koji je u provedbi i za koji je prethodno odobreno <strong>22.214.508,25 kuna<\/strong> bespovratnih sredstava dok vlastito sufinanciranje od strane osniva\u010da Agencije, Vukovarsko-srijemske \u017eupanije iznosi <strong>3.929.207,56 kuna<\/strong>.<\/p>\n<p>Na provedbi projekta trenutno sudjeluje <strong>29 djelatnika od planiranih 34<\/strong> \u010diji se rad financira <strong>85% iz projekta<\/strong> (22.214.508,25 kn bespovratna sredstva) i <strong>15% iz sredstava osniva\u010da<\/strong> Vukovarsko-srijemske \u017eupanije (3.929.207,56 kn).<\/p>\n<p>Odobrenjem ovog projekta u 100%-tnom tra\u017eenom iznosu (1.960.103,78 kuna) rad djelatnika Agencije koji rade na projektu, a koji \u017eupanija financira s <strong>15% smanjuje se na 7,5%<\/strong> \u0161to predstavlja smanjenje vlastitog u\u010de\u0161\u0107a \u017eupanije u projektu za <strong>50%<\/strong>.<\/p>\n<p>Posebno \u017eelimo napomenuti da ovdje govorimo o <strong>ugovorenim bespovratnim sredstvima<\/strong>, sada u ukupnom iznosu od <strong>24.174.612,00 kuna koja je ugovorila Razvojna agencija Vukovarsko-srijemske \u017eupanije koja se tek realiziraju po odobrenim zahtjevima<\/strong> <strong>za nadoknadom sredstava<\/strong> \u0161to konkretno zna\u010di da djelatnici Razvojne agencije Vukovarsko-srijemske \u017eupanije ista <strong>trebaju opravdati kroz svoje djelatnosti i svoj rad<\/strong>.<\/p>\n<p>Projekt su osmislili djelatnici Razvojne agencije Vukovarsko-srijemske \u017eupanije koja je i nositelj projekta s ciljem pru\u017eanja <strong>besplatne potpore<\/strong> (potencijalnim) korisnicima <strong>za pripremu i provedbu projekata<\/strong> te ja\u010danja kapaciteta lokalne i podru\u010dne (regionalne) samouprave te za uspje\u0161no planiranje i provedbu mjera usmjerenih na kori\u0161tenje sredstava EU fondova.<\/p>\n<p>Jo\u0161 jednom pozivamo sve potencijalne korisnike na\u0161ih usluga da nam se jave i da ih koriste jer su <strong>za njih besplatne<\/strong>, a mi kroz pru\u017eanje tih usluga \u201epovla\u010dimo\u201c odobrena sredstva iz projekta.<\/p>\n<p>Posebno se zahvaljujemo Ministarstvu regionalnoga razvoja i fondova Europske unije na \u010delu s ministricom Trami\u0161ak \u0161to prepoznaje i podupire rad Razvojne agencije Vukovarsko-srijemske \u017eupanije, \u017eupaniji vukovarsko-srijemskoj i \u017eupanu Damiru Dekani\u0107u na potpori i ja\u010danju uloge Razvojne agencije Vukovarsko-srijemske \u017eupanije te svim korisnicima na\u0161ih usluga.<\/p>\n<p>Ovaj Ugovor o dodjeli bespovratnih sredstava predstavlja nam sna\u017ean poticaj za daljnji rad.<\/p>","protected":false},"excerpt":{"rendered":"<p>Ministrica Nata\u0161a Trami\u0161ak je 17. rujna u maloj \u017eupanijskoj vije\u0107nici Vukovarsko-srijemske \u017eupanije u Vinkovcima uru\u010dila ugovore o sufinanciranju EU projekata u vrijednosti 7,3 milijuna kuna \u017eupanu Damiru Dekani\u0107u, ravnatelju Razvojne agencije Vukovarsko-srijemske \u017eupanije Iliji Coti, zamjeniku gradona\u010delnika Vinkovaca Josipu Romi\u0107u te direktorici Agencije za razvoj i investicije grada Vinkovaca Danijeli Slip\u010devi\u0107. Razvojnoj agenciji Vukovarsko-srijemske \u017eupanije [&hellip;]<\/p>","protected":false},"author":2,"featured_media":5821,"comment_status":"closed","ping_status":"closed","sticky":false,"template":"","format":"standard","meta":{"_et_pb_use_builder":"","_et_pb_old_content":"","_et_gb_content_width":"","footnotes":""},"categories":[4],"tags":[],"class_list":["post-5820","post","type-post","status-publish","format-standard","has-post-thumbnail","hentry","category-vijesti"],"_links":{"self":[{"href":"https:\/\/www.ra-vsz.hr\/en\/wp-json\/wp\/v2\/posts\/5820","targetHints":{"allow":["GET"]}}],"collection":[{"href":"https:\/\/www.ra-vsz.hr\/en\/wp-json\/wp\/v2\/posts"}],"about":[{"href":"https:\/\/www.ra-vsz.hr\/en\/wp-json\/wp\/v2\/types\/post"}],"author":[{"embeddable":true,"href":"https:\/\/www.ra-vsz.hr\/en\/wp-json\/wp\/v2\/users\/2"}],"replies":[{"embeddable":true,"href":"https:\/\/www.ra-vsz.hr\/en\/wp-json\/wp\/v2\/comments?post=5820"}],"version-history":[{"count":1,"href":"https:\/\/www.ra-vsz.hr\/en\/wp-json\/wp\/v2\/posts\/5820\/revisions"}],"predecessor-version":[{"id":10678,"href":"https:\/\/www.ra-vsz.hr\/en\/wp-json\/wp\/v2\/posts\/5820\/revisions\/10678"}],"wp:featuredmedia":[{"embeddable":true,"href":"https:\/\/www.ra-vsz.hr\/en\/wp-json\/"}],"wp:attachment":[{"href":"https:\/\/www.ra-vsz.hr\/en\/wp-json\/wp\/v2\/media?parent=5820"}],"wp:term":[{"taxonomy":"category","embeddable":true,"href":"https:\/\/www.ra-vsz.hr\/en\/wp-json\/wp\/v2\/categories?post=5820"},{"taxonomy":"post_tag","embeddable":true,"href":"https:\/\/www.ra-vsz.hr\/en\/wp-json\/wp\/v2\/tags?post=5820"}],"curies":[{"name":"wp","href":"https:\/\/api.w.org\/{rel}","templated":true}]}}