{"id":5773,"date":"2021-09-07T14:32:55","date_gmt":"2021-09-07T12:32:55","guid":{"rendered":"https:\/\/www.ra-vsz.hr\/?p=5773"},"modified":"2023-01-29T18:19:35","modified_gmt":"2023-01-29T18:19:35","slug":"radni-posjet-opcini-andrijasevci","status":"publish","type":"post","link":"https:\/\/www.ra-vsz.hr\/en\/radni-posjet-opcini-andrijasevci\/","title":{"rendered":"Radni posjet Op\u0107ini Andrija\u0161evci"},"content":{"rendered":"<p>Na\u010delnik Op\u0107ine Andrija\u0161evci, \u00a0g. Ante Rajkovi\u0107, 6. rujna 2021. godine u prostorijama Op\u0107ine ugostio je ravnatelja Razvojne agencije Vukovarsko-srijemske \u017eupanije, g. Iliju Cota i djelatnike Agencije, koji su boravili u radnom posjetu Op\u0107ini Andrija\u0161evci, kako bi se upoznali s projektima i aktivnostima Op\u0107ine.<\/p>\n<p>Na sastanku se razgovaralo o mnogobrojnim razvojnim projektima Op\u0107ine, a posebno je istaknuta va\u017enost projekata iz podru\u010dja socijalne i komunalne infrastrukture koji se financiraju iz programa ministarstava Republike Hrvatske, ali i onih koji se financiraju iz EU fondova ili se pripremaju za EU natje\u010daje, a koji stvaraju poticajno i povoljno okru\u017eje za \u017eivot njezinih stanovnika. Neki od mnogobrojnih projekata su i izgradnja i razvoj sportsko-rekreacijskih zona, izgradnja adrenalinskog parka, izgradnja poslovno-gospodarske zone Sremac. Poslovna zona Sremac nalazila bi se u neposrednoj blizini naselja i prostirala bi se na oko \u0161est hektara zemlji\u0161ta, opremljenog svom potrebnom infrastrukturom.<\/p>\n<p>Na\u010delnik Op\u0107ine, g. Rajkovi\u0107 predstavio je i plan naselja s 152 obiteljske ku\u0107e koje \u0107e postati dom za mlade obitelji. Uz ku\u0107e, u naselju bi se nalazili i sportski tereni za mali nogomet, ko\u0161arku i tenis, kao i dje\u010dja igrali\u0161ta, energana, koja bi osiguravala toplinsku energiju za objekte, ali i zatvoreni bazen koji bi se grijao vi\u0161kom toplinske energije iz te energane.<\/p>\n<p>Ravnatelj Razvojne agencije Vukovarsko-srijemske \u017eupanije, g. Ilija Cota, pohvalio je rad Op\u0107inske uprave na \u010delu s Na\u010delnikom te je naglasio kako on, kao Ravnatelj Agencije, i svi njezini djelatnici stoje maksimalno na raspolaganju svim jedinicama lokalne samouprave u pripremi projekata za prijavu na natje\u010daje za sredstva iz EU fondova, pa tako i Op\u0107ini Andrija\u0161evci jer se zajedni\u010dkom suradnjom mogu posti\u0107i jo\u0161 ve\u0107i uspjesi.<\/p>\n<p>Nakon uvodnog sastanka u odr\u017eanog u prostorijama Op\u0107ine, djelatnici Razvojne agencije Vukovarsko-srijemske \u017eupanije u pratnji doma\u0107ina posjetili su nekoliko lokacija u Op\u0107ini koji su bili ili \u0107e biti predmet ulaganja i razvoja. Od svih posje\u0107enih lokaliteta, istaknuo bi se obilazak obiteljske ku\u0107e Fuchs i zgrade \u201eNK Frankopan\u201c nakon \u010dega je uprili\u010dena vo\u017enja turisti\u010dkom brodicom na rijeci Bosut.<\/p>\n<p>Na kraju radnog posjeta, ravnatelj Cota, po\u017eelio je mnogo uspjeha Op\u0107ini u daljnjem radu i projektima te zahvalio na lijepom i ugodnom doma\u0107instvu te je postignut dogovor o ja\u010doj i boljoj suradnji koja \u0107e uvelike doprinijeti i razvoju Op\u0107ine, ali razvoju cijele \u017dupanije.<\/p>","protected":false},"excerpt":{"rendered":"<p>Na\u010delnik Op\u0107ine Andrija\u0161evci, \u00a0g. Ante Rajkovi\u0107, 6. rujna 2021. godine u prostorijama Op\u0107ine ugostio je ravnatelja Razvojne agencije Vukovarsko-srijemske \u017eupanije, g. Iliju Cota i djelatnike Agencije, koji su boravili u radnom posjetu Op\u0107ini Andrija\u0161evci, kako bi se upoznali s projektima i aktivnostima Op\u0107ine. Na sastanku se razgovaralo o mnogobrojnim razvojnim projektima Op\u0107ine, a posebno je [&hellip;]<\/p>","protected":false},"author":2,"featured_media":5774,"comment_status":"closed","ping_status":"closed","sticky":false,"template":"","format":"standard","meta":{"_et_pb_use_builder":"","_et_pb_old_content":"","_et_gb_content_width":"","footnotes":""},"categories":[4],"tags":[],"class_list":["post-5773","post","type-post","status-publish","format-standard","has-post-thumbnail","hentry","category-vijesti"],"_links":{"self":[{"href":"https:\/\/www.ra-vsz.hr\/en\/wp-json\/wp\/v2\/posts\/5773","targetHints":{"allow":["GET"]}}],"collection":[{"href":"https:\/\/www.ra-vsz.hr\/en\/wp-json\/wp\/v2\/posts"}],"about":[{"href":"https:\/\/www.ra-vsz.hr\/en\/wp-json\/wp\/v2\/types\/post"}],"author":[{"embeddable":true,"href":"https:\/\/www.ra-vsz.hr\/en\/wp-json\/wp\/v2\/users\/2"}],"replies":[{"embeddable":true,"href":"https:\/\/www.ra-vsz.hr\/en\/wp-json\/wp\/v2\/comments?post=5773"}],"version-history":[{"count":1,"href":"https:\/\/www.ra-vsz.hr\/en\/wp-json\/wp\/v2\/posts\/5773\/revisions"}],"predecessor-version":[{"id":10671,"href":"https:\/\/www.ra-vsz.hr\/en\/wp-json\/wp\/v2\/posts\/5773\/revisions\/10671"}],"wp:featuredmedia":[{"embeddable":true,"href":"https:\/\/www.ra-vsz.hr\/en\/wp-json\/"}],"wp:attachment":[{"href":"https:\/\/www.ra-vsz.hr\/en\/wp-json\/wp\/v2\/media?parent=5773"}],"wp:term":[{"taxonomy":"category","embeddable":true,"href":"https:\/\/www.ra-vsz.hr\/en\/wp-json\/wp\/v2\/categories?post=5773"},{"taxonomy":"post_tag","embeddable":true,"href":"https:\/\/www.ra-vsz.hr\/en\/wp-json\/wp\/v2\/tags?post=5773"}],"curies":[{"name":"wp","href":"https:\/\/api.w.org\/{rel}","templated":true}]}}