{"id":5748,"date":"2021-09-01T14:50:19","date_gmt":"2021-09-01T12:50:19","guid":{"rendered":"https:\/\/www.ra-vsz.hr\/?p=5748"},"modified":"2023-01-29T18:17:53","modified_gmt":"2023-01-29T18:17:53","slug":"objavljen-poziv-za-ukljucenje-u-program-skolskog-mednog-dana-s-hrvatskih-pcelinjaka-za-2021-godinu","status":"publish","type":"post","link":"https:\/\/www.ra-vsz.hr\/en\/objavljen-poziv-za-ukljucenje-u-program-skolskog-mednog-dana-s-hrvatskih-pcelinjaka-za-2021-godinu\/","title":{"rendered":"Objavljen poziv za uklju\u010denje u Program \u0160kolskog mednog dana s hrvatskih p\u010delinjaka za 2021. godinu"},"content":{"rendered":"<p>Objavljen je Javni poziv za iskaz interesa osniva\u010da \u0161kolskih ustanova za sudjelovanje u Programu \u0160kolskog mednog dana s hrvatskih p\u010delinjaka za 2021. godinu. Pozivom su osigurana sredstva u iznosu od milijun kuna za podjelu staklenki meda u\u010denicima prvih razreda osnovnih \u0161kola na \u010ditavom teritoriju Hrvatske.<\/p>\n<p>Svi zainteresirani osniva\u010di \u0161kolskih ustanova pozivaju se na uklju\u010denje u Program za financiranje prihvatljivih tro\u0161kova za med zapakiran u Nacionalnu staklenku volumena 370 ml. Pravo sudjelovanja na Javnom pozivu imaju osniva\u010di \u0161kolskih ustanova, a to su: Republika Hrvatska, jedinice lokalne samouprave, jedinice podru\u010dne (regionalne) samouprave i druge pravne ili fizi\u010dke osobe. Program \u0107e se provoditi u prvim razredima osnovnih \u0161kola 7. prosinca 2021., povodom obilje\u017eavanja Sv. Ambrozija, za\u0161titnika p\u010dela i p\u010delara, a u cilju promocije meda lokalnih proizvo\u0111a\u010da, pove\u0107anja unosa meda u prehranu djece, podizanja razine znanja o va\u017enosti meda kao sastavnog dijela pravilne i nutritivno povoljnije prehrane te educiranja u\u010denika o va\u017enosti p\u010delarstva za sveukupnu poljoprivrednu proizvodnju i biolo\u0161ku raznolikost.<\/p>\n<p>\u0160kolski medni dan s hrvatskih p\u010delinjaka odr\u017ean je prvi puta 7. prosinca 2018. godine i polu\u010dio je veliki interes javnosti te veliko zadovoljstvo svih koji su sudjelovali u Programu, a posebice u\u010denika prvih razreda osnovnih \u0161kola. U tri godine njegova odr\u017eavanja u Programu je sudjelovalo ukupno 853 osnovnih \u0161kola s ukupno 107.587 u\u010denika prvih razreda kojima je dodijeljen med od 597 p\u010delara.<\/p>\n<p>Javni poziv otvoren je do 1. listopada 2021. godine, a detalje i dokumentaciju mo\u017eete prona\u0107i\u00a0<a href=\"https:\/\/www.apprrr.hr\/program-skolski-medni-dan-hrvatskih-pcelinjaka\/\" target=\"_blank\" rel=\"noopener\">ovdje<\/a>.<\/p>","protected":false},"excerpt":{"rendered":"<p>Objavljen je Javni poziv za iskaz interesa osniva\u010da \u0161kolskih ustanova za sudjelovanje u Programu \u0160kolskog mednog dana s hrvatskih p\u010delinjaka za 2021. godinu. Pozivom su osigurana sredstva u iznosu od milijun kuna za podjelu staklenki meda u\u010denicima prvih razreda osnovnih \u0161kola na \u010ditavom teritoriju Hrvatske. Svi zainteresirani osniva\u010di \u0161kolskih ustanova pozivaju se na uklju\u010denje u [&hellip;]<\/p>","protected":false},"author":2,"featured_media":5749,"comment_status":"closed","ping_status":"closed","sticky":false,"template":"","format":"standard","meta":{"_et_pb_use_builder":"","_et_pb_old_content":"","_et_gb_content_width":"","footnotes":""},"categories":[4],"tags":[],"class_list":["post-5748","post","type-post","status-publish","format-standard","has-post-thumbnail","hentry","category-vijesti"],"_links":{"self":[{"href":"https:\/\/www.ra-vsz.hr\/en\/wp-json\/wp\/v2\/posts\/5748","targetHints":{"allow":["GET"]}}],"collection":[{"href":"https:\/\/www.ra-vsz.hr\/en\/wp-json\/wp\/v2\/posts"}],"about":[{"href":"https:\/\/www.ra-vsz.hr\/en\/wp-json\/wp\/v2\/types\/post"}],"author":[{"embeddable":true,"href":"https:\/\/www.ra-vsz.hr\/en\/wp-json\/wp\/v2\/users\/2"}],"replies":[{"embeddable":true,"href":"https:\/\/www.ra-vsz.hr\/en\/wp-json\/wp\/v2\/comments?post=5748"}],"version-history":[{"count":1,"href":"https:\/\/www.ra-vsz.hr\/en\/wp-json\/wp\/v2\/posts\/5748\/revisions"}],"predecessor-version":[{"id":10666,"href":"https:\/\/www.ra-vsz.hr\/en\/wp-json\/wp\/v2\/posts\/5748\/revisions\/10666"}],"wp:featuredmedia":[{"embeddable":true,"href":"https:\/\/www.ra-vsz.hr\/en\/wp-json\/"}],"wp:attachment":[{"href":"https:\/\/www.ra-vsz.hr\/en\/wp-json\/wp\/v2\/media?parent=5748"}],"wp:term":[{"taxonomy":"category","embeddable":true,"href":"https:\/\/www.ra-vsz.hr\/en\/wp-json\/wp\/v2\/categories?post=5748"},{"taxonomy":"post_tag","embeddable":true,"href":"https:\/\/www.ra-vsz.hr\/en\/wp-json\/wp\/v2\/tags?post=5748"}],"curies":[{"name":"wp","href":"https:\/\/api.w.org\/{rel}","templated":true}]}}