{"id":5725,"date":"2021-08-27T12:19:52","date_gmt":"2021-08-27T10:19:52","guid":{"rendered":"https:\/\/www.ra-vsz.hr\/?p=5725"},"modified":"2023-01-29T18:17:24","modified_gmt":"2023-01-29T18:17:24","slug":"odrzana-svecana-sjednica-gradskoga-vijeca-zupanje","status":"publish","type":"post","link":"https:\/\/www.ra-vsz.hr\/en\/odrzana-svecana-sjednica-gradskoga-vijeca-zupanje\/","title":{"rendered":"Odr\u017eana sve\u010dana sjednica Gradskoga vije\u0107a \u017dupanje"},"content":{"rendered":"<p>U susret obilje\u017eavanju Dana grada \u017dupanje i blagdana Mu\u010deni\u0161tva sv. Ivana Krstitelja, danas, 27. kolovoza 2021. godine, odr\u017eana je sve\u010dana sjednica Gradskoga vije\u0107a Grada \u017dupanje na kojoj su uru\u010dena javna priznanja zaslu\u017enima. Zbog pandemije koronavirusa sve\u010dana sjednica Gradskoga vije\u0107a lani nije odr\u017eana, stoga su javna priznanja uru\u010dena i pro\u0161logodi\u0161njim dobitnicima.<\/p>\n<p>Ispred Razvojne agencije Vukovarsko-srijemske \u017eupanije sve\u010danoj sjednici nazo\u010dila je zamjenica ravnatelja Marija Devi\u0107.<\/p>","protected":false},"excerpt":{"rendered":"<p>U susret obilje\u017eavanju Dana grada \u017dupanje i blagdana Mu\u010deni\u0161tva sv. Ivana Krstitelja, danas, 27. kolovoza 2021. godine, odr\u017eana je sve\u010dana sjednica Gradskoga vije\u0107a Grada \u017dupanje na kojoj su uru\u010dena javna priznanja zaslu\u017enima. Zbog pandemije koronavirusa sve\u010dana sjednica Gradskoga vije\u0107a lani nije odr\u017eana, stoga su javna priznanja uru\u010dena i pro\u0161logodi\u0161njim dobitnicima. Ispred Razvojne agencije Vukovarsko-srijemske \u017eupanije [&hellip;]<\/p>","protected":false},"author":2,"featured_media":5726,"comment_status":"closed","ping_status":"closed","sticky":false,"template":"","format":"standard","meta":{"_et_pb_use_builder":"","_et_pb_old_content":"","_et_gb_content_width":"","footnotes":""},"categories":[4],"tags":[],"class_list":["post-5725","post","type-post","status-publish","format-standard","has-post-thumbnail","hentry","category-vijesti"],"_links":{"self":[{"href":"https:\/\/www.ra-vsz.hr\/en\/wp-json\/wp\/v2\/posts\/5725","targetHints":{"allow":["GET"]}}],"collection":[{"href":"https:\/\/www.ra-vsz.hr\/en\/wp-json\/wp\/v2\/posts"}],"about":[{"href":"https:\/\/www.ra-vsz.hr\/en\/wp-json\/wp\/v2\/types\/post"}],"author":[{"embeddable":true,"href":"https:\/\/www.ra-vsz.hr\/en\/wp-json\/wp\/v2\/users\/2"}],"replies":[{"embeddable":true,"href":"https:\/\/www.ra-vsz.hr\/en\/wp-json\/wp\/v2\/comments?post=5725"}],"version-history":[{"count":1,"href":"https:\/\/www.ra-vsz.hr\/en\/wp-json\/wp\/v2\/posts\/5725\/revisions"}],"predecessor-version":[{"id":10663,"href":"https:\/\/www.ra-vsz.hr\/en\/wp-json\/wp\/v2\/posts\/5725\/revisions\/10663"}],"wp:featuredmedia":[{"embeddable":true,"href":"https:\/\/www.ra-vsz.hr\/en\/wp-json\/"}],"wp:attachment":[{"href":"https:\/\/www.ra-vsz.hr\/en\/wp-json\/wp\/v2\/media?parent=5725"}],"wp:term":[{"taxonomy":"category","embeddable":true,"href":"https:\/\/www.ra-vsz.hr\/en\/wp-json\/wp\/v2\/categories?post=5725"},{"taxonomy":"post_tag","embeddable":true,"href":"https:\/\/www.ra-vsz.hr\/en\/wp-json\/wp\/v2\/tags?post=5725"}],"curies":[{"name":"wp","href":"https:\/\/api.w.org\/{rel}","templated":true}]}}