{"id":5715,"date":"2021-08-27T08:45:39","date_gmt":"2021-08-27T06:45:39","guid":{"rendered":"https:\/\/www.ra-vsz.hr\/?p=5715"},"modified":"2023-01-29T18:16:59","modified_gmt":"2023-01-29T18:16:59","slug":"javni-pozivi-za-iskaz-interesa-osnivaca-skolskih-ustanova-i-dobavljaca-za-sudjelovanje-u-novoj-skolskoj-shemi-voca-i-povrca-te-mlijeka-i-mlijecnih-proizvoda-2021-2022","status":"publish","type":"post","link":"https:\/\/www.ra-vsz.hr\/en\/javni-pozivi-za-iskaz-interesa-osnivaca-skolskih-ustanova-i-dobavljaca-za-sudjelovanje-u-novoj-skolskoj-shemi-voca-i-povrca-te-mlijeka-i-mlijecnih-proizvoda-2021-2022\/","title":{"rendered":"Javni pozivi za iskaz interesa osniva\u010da \u0161kolskih ustanova i dobavlja\u010da za sudjelovanje u novoj \u0160kolskoj shemi vo\u0107a i povr\u0107a te mlijeka i mlije\u010dnih proizvoda 2021.\/2022."},"content":{"rendered":"<p>Obavje\u0161tavamo zainteresirane osniva\u010de \u0161kolskih ustanova i dobavlja\u010de vo\u0107a i povr\u0107a te mlijeka i mlije\u010dnih proizvoda da su objavljeni Javni pozivi za iskaz interesa za sudjelovanje u novoj \u0160kolskoj shemi 2021.\/2022.<\/p>\n<p style=\"text-align: left;\">\u0160kolska shema u \u0161kolskoj godini 2021.\/2022. provodi se na podru\u010dju \u010ditave Republike Hrvatske od 1. kolovoza 2021. do 31. srpnja 2022. godine sukladno novom\u00a0<span style=\"text-decoration: underline;\"><a href=\"https:\/\/narodne-novine.nn.hr\/clanci\/sluzbeni\/2021_08_93_1672.html\" target=\"_blank\" rel=\"noopener\">Pravilniku o provedbi Nacionalne strategije za provedbu \u0161kolske sheme vo\u0107a i povr\u0107a te mlijeka i mlije\u010dnih proizvoda od \u0161kolske godine 2017.\/2018. do 2022.\/2023. (Narodne novine 93\/2021)<\/a>.<\/span><\/p>\n<p>U okviru \u0160kolske sheme vo\u0107e, povr\u0107e, mlijeko i mlije\u010dni proizvodi ponudit \u0107e se u\u010denicima kao zaseban obrok neovisno od obroka u okviru \u0161kolske prehrane, kontinuirano u nastavne dane tijekom \u0161kolske godine.<\/p>\n<p>Vo\u0107e i povr\u0107e ponudit \u0107e se u\u010denicima u osnovnim i srednjim \u0161kolama, a mlijeko i mlije\u010dni proizvodi u\u010denicima od 1. do 8. razreda osnovnih \u0161kola.<\/p>\n<p><u><a href=\"https:\/\/www.apprrr.hr\/wp-content\/uploads\/2021\/08\/JAVNI-POZIV-1.zip\" target=\"_blank\" rel=\"noopener\"><strong>Javni poziv za iskaz interesa osniva\u010da\u00a0<\/strong><\/a><\/u><u>\u0161kolskih ustanova<\/u> za sudjelovanje u \u0160kolskoj shemi \u00a0ostaje otvoren <strong>do 25. rujna 2021. godine<\/strong>.<\/p>\n<p><em>S obzirom da se iznos prava na potporu izra\u010dunava na osnovi broja u\u010denika evidentiranih u e-Matici na dan 30. rujna 2021. godine, podsje\u0107amo osnovne i srednje \u0161kole koje \u0107e sudjelovati u provedbi \u0160kolske sheme 2021.\/2022. da do navedenog datuma a\u017euriraju podatke o broju u\u010denika u e-Matici.<\/em><\/p>\n<p>Sve potrebne informacije i obrasce vezane uz prijavu i provedbu \u0160kolske sheme 2021.\/2022., kao i razlike u odnosu na provedbu u \u0161kolskoj godini 2020.\/2021., mo\u017eete prona\u0107i\u00a0<a href=\"https:\/\/www.apprrr.hr\/skolska-shema-2021-2022\/\" target=\"_blank\" rel=\"noopener\"><strong>ovdje.<\/strong><\/a><\/p>","protected":false},"excerpt":{"rendered":"<p>Obavje\u0161tavamo zainteresirane osniva\u010de \u0161kolskih ustanova i dobavlja\u010de vo\u0107a i povr\u0107a te mlijeka i mlije\u010dnih proizvoda da su objavljeni Javni pozivi za iskaz interesa za sudjelovanje u novoj \u0160kolskoj shemi 2021.\/2022. \u0160kolska shema u \u0161kolskoj godini 2021.\/2022. provodi se na podru\u010dju \u010ditave Republike Hrvatske od 1. kolovoza 2021. do 31. srpnja 2022. godine sukladno novom\u00a0Pravilniku o [&hellip;]<\/p>","protected":false},"author":2,"featured_media":5716,"comment_status":"closed","ping_status":"closed","sticky":false,"template":"","format":"standard","meta":{"_et_pb_use_builder":"","_et_pb_old_content":"","_et_gb_content_width":"","footnotes":""},"categories":[4],"tags":[],"class_list":["post-5715","post","type-post","status-publish","format-standard","has-post-thumbnail","hentry","category-vijesti"],"_links":{"self":[{"href":"https:\/\/www.ra-vsz.hr\/en\/wp-json\/wp\/v2\/posts\/5715","targetHints":{"allow":["GET"]}}],"collection":[{"href":"https:\/\/www.ra-vsz.hr\/en\/wp-json\/wp\/v2\/posts"}],"about":[{"href":"https:\/\/www.ra-vsz.hr\/en\/wp-json\/wp\/v2\/types\/post"}],"author":[{"embeddable":true,"href":"https:\/\/www.ra-vsz.hr\/en\/wp-json\/wp\/v2\/users\/2"}],"replies":[{"embeddable":true,"href":"https:\/\/www.ra-vsz.hr\/en\/wp-json\/wp\/v2\/comments?post=5715"}],"version-history":[{"count":1,"href":"https:\/\/www.ra-vsz.hr\/en\/wp-json\/wp\/v2\/posts\/5715\/revisions"}],"predecessor-version":[{"id":10661,"href":"https:\/\/www.ra-vsz.hr\/en\/wp-json\/wp\/v2\/posts\/5715\/revisions\/10661"}],"wp:featuredmedia":[{"embeddable":true,"href":"https:\/\/www.ra-vsz.hr\/en\/wp-json\/"}],"wp:attachment":[{"href":"https:\/\/www.ra-vsz.hr\/en\/wp-json\/wp\/v2\/media?parent=5715"}],"wp:term":[{"taxonomy":"category","embeddable":true,"href":"https:\/\/www.ra-vsz.hr\/en\/wp-json\/wp\/v2\/categories?post=5715"},{"taxonomy":"post_tag","embeddable":true,"href":"https:\/\/www.ra-vsz.hr\/en\/wp-json\/wp\/v2\/tags?post=5715"}],"curies":[{"name":"wp","href":"https:\/\/api.w.org\/{rel}","templated":true}]}}