{"id":5711,"date":"2021-08-26T09:08:25","date_gmt":"2021-08-26T07:08:25","guid":{"rendered":"https:\/\/www.ra-vsz.hr\/?p=5711"},"modified":"2023-01-29T18:16:47","modified_gmt":"2023-01-29T18:16:47","slug":"stipendije-svicarske-konfederacije-u-akademskoj-godini-2022-2023","status":"publish","type":"post","link":"https:\/\/www.ra-vsz.hr\/en\/stipendije-svicarske-konfederacije-u-akademskoj-godini-2022-2023\/","title":{"rendered":"Stipendije \u0160vicarske Konfederacije u akademskoj godini 2022.\/2023."},"content":{"rendered":"<p>Ministarstvo znanosti i obrazovanja Republike Hrvatske i Agencija za mobilnost i programe Europske unije, u suradnji s Veleposlanstvom \u0160vicarske Konfederacije u Republici Hrvatskoj, pozivaju na podno\u0161enje prijava za jednogodi\u0161nje stipendije \u0160vicarske Konfederacije u akademskoj godini 2022.\/2023.<\/p>\n<p>Hrvatskim dr\u017eavljanima dodjeljuju se sljede\u0107e kategorije stipendija u konkurenciji s kandidatima iz drugih zemalja Europske unije:<\/p>\n<p>1.\u00a0stipendije za znanstvenoistra\u017eiva\u010dke boravke u \u0160vicarskoj, namijenjene su diplomiranim (MA) kandidatima;<br \/>\n2.\u00a0stipendije za doktorske studije, namijenjene su diplomiranim (MA) kandidatima;<br \/>\n3.\u00a0stipendije za poslijedoktorske studije, namijenjene su kandidatima koji su stekli ili \u0107e ste\u0107i akademski stupanj doktora znanosti u razdoblju izme\u0111u 31. prosinca 2018. i 31. srpnja 2022. godine;<br \/>\n4.\u00a0stipendije za umjetni\u010dke smjerove, namijenjene su diplomiranim (BA) kandidatima za prvi (inicijalni) diplomski (master) studij na konzervatorijima i umjetni\u010dkim \u0161kolama u sklopu \u0161vicarskih sveu\u010dili\u0161ta primijenjenih znanosti.<\/p>\n<p>Rok za podno\u0161enje prijave na natje\u010daj za stipendiju je 12. studenoga 2021. godine.<\/p>\n<p>Vi\u0161e informacija na sljede\u0107oj <a href=\"https:\/\/www.mobilnost.hr\/hr\/natjecaji\/stipendije-svicarske-konfederacije-u-akademskoj-godini-2022-2023\/\" target=\"_blank\" rel=\"noopener\">poveznici<\/a>.<\/p>","protected":false},"excerpt":{"rendered":"<p>Ministarstvo znanosti i obrazovanja Republike Hrvatske i Agencija za mobilnost i programe Europske unije, u suradnji s Veleposlanstvom \u0160vicarske Konfederacije u Republici Hrvatskoj, pozivaju na podno\u0161enje prijava za jednogodi\u0161nje stipendije \u0160vicarske Konfederacije u akademskoj godini 2022.\/2023. Hrvatskim dr\u017eavljanima dodjeljuju se sljede\u0107e kategorije stipendija u konkurenciji s kandidatima iz drugih zemalja Europske unije: 1.\u00a0stipendije za znanstvenoistra\u017eiva\u010dke [&hellip;]<\/p>","protected":false},"author":2,"featured_media":5707,"comment_status":"closed","ping_status":"closed","sticky":false,"template":"","format":"standard","meta":{"_et_pb_use_builder":"","_et_pb_old_content":"","_et_gb_content_width":"","footnotes":""},"categories":[4],"tags":[],"class_list":["post-5711","post","type-post","status-publish","format-standard","has-post-thumbnail","hentry","category-vijesti"],"_links":{"self":[{"href":"https:\/\/www.ra-vsz.hr\/en\/wp-json\/wp\/v2\/posts\/5711","targetHints":{"allow":["GET"]}}],"collection":[{"href":"https:\/\/www.ra-vsz.hr\/en\/wp-json\/wp\/v2\/posts"}],"about":[{"href":"https:\/\/www.ra-vsz.hr\/en\/wp-json\/wp\/v2\/types\/post"}],"author":[{"embeddable":true,"href":"https:\/\/www.ra-vsz.hr\/en\/wp-json\/wp\/v2\/users\/2"}],"replies":[{"embeddable":true,"href":"https:\/\/www.ra-vsz.hr\/en\/wp-json\/wp\/v2\/comments?post=5711"}],"version-history":[{"count":1,"href":"https:\/\/www.ra-vsz.hr\/en\/wp-json\/wp\/v2\/posts\/5711\/revisions"}],"predecessor-version":[{"id":10660,"href":"https:\/\/www.ra-vsz.hr\/en\/wp-json\/wp\/v2\/posts\/5711\/revisions\/10660"}],"wp:featuredmedia":[{"embeddable":true,"href":"https:\/\/www.ra-vsz.hr\/en\/wp-json\/"}],"wp:attachment":[{"href":"https:\/\/www.ra-vsz.hr\/en\/wp-json\/wp\/v2\/media?parent=5711"}],"wp:term":[{"taxonomy":"category","embeddable":true,"href":"https:\/\/www.ra-vsz.hr\/en\/wp-json\/wp\/v2\/categories?post=5711"},{"taxonomy":"post_tag","embeddable":true,"href":"https:\/\/www.ra-vsz.hr\/en\/wp-json\/wp\/v2\/tags?post=5711"}],"curies":[{"name":"wp","href":"https:\/\/api.w.org\/{rel}","templated":true}]}}