{"id":5700,"date":"2021-08-24T12:03:57","date_gmt":"2021-08-24T10:03:57","guid":{"rendered":"https:\/\/www.ra-vsz.hr\/?p=5700"},"modified":"2023-01-29T18:16:29","modified_gmt":"2023-01-29T18:16:29","slug":"poziv-u-2021-jacanje-kapaciteta-za-izvrsnost-na-visokim-ucilistima-i-okolnim-ekosustavima","status":"publish","type":"post","link":"https:\/\/www.ra-vsz.hr\/en\/poziv-u-2021-jacanje-kapaciteta-za-izvrsnost-na-visokim-ucilistima-i-okolnim-ekosustavima\/","title":{"rendered":"Poziv u 2021. &#8211; Ja\u010danje kapaciteta za izvrsnost na visokim u\u010dili\u0161tima i okolnim ekosustavima"},"content":{"rendered":"<p><strong>Cilj poziva<\/strong> podr\u017eati je izgradnju mre\u017ea visoko\u0161kolskih ustanova i njihovih partnera u lokalnom ekosustavu s ciljem pripreme integrirane suradnje me\u0111u institucijama. Visoka u\u010dili\u0161ta mogu uklju\u010divati bilo koju vrstu visokih u\u010dili\u0161ta, istra\u017eiva\u010dke organizacije, akademije znanosti, veleu\u010dili\u0161ta, visoko\u0161kolske ustanove primijenjene znanosti i specijalizirane javne laboratorije. Partneri visoko\u0161kolskih ustanova u okolnim ekosustavima, poput poduze\u0107a, dru\u0161tvenih aktera ili drugih neakademskih subjekata, poti\u010du se na uklju\u010divanje kao partnerskih organizacija.<\/p>\n<p>Izgradnjom kapaciteta \u017eeli se zna\u010dajno oja\u010dati suradnja izme\u0111u najmanje dvije organizacije iz sektora visokog obrazovanja u zemlji u pro\u0161irenju (ili u razli\u010ditim zemljama u pro\u0161irenju), povezuju\u0107i je s najmanje dvije me\u0111unarodno vode\u0107e institucije iz dvije razli\u010dite dr\u017eave \u010dlanice ili pridru\u017eene zemlje.<\/p>\n<p>Ne\u0107e se financirati istra\u017eiva\u010dke i inovacijske aktivnosti, ve\u0107 je poziv namijenjen potpori razvoju zajedni\u010dkih strategija i konkretnih akcijskih planova koji osna\u017euju istra\u017eiva\u010dke i inovacijske transformacije mre\u017ea kao i (po\u010detnu) provedbu odgovaraju\u0107ih akcijskih planova.<\/p>\n<p>O\u010dekuje se da \u0107e projekti pridonijeti sljede\u0107im rezultatima:<\/p>\n<ul>\n<li>integriranoj i dugoro\u010dnoj suradnji izme\u0111u partnerskih visoko\u0161kolskih ustanova (HEI) u mre\u017ei i s akterima u okolnim ekosustavima, zajedni\u010dkom stvaranju kriti\u010dne mase za bolji doprinos velikim dru\u0161tvenim izazovima<\/li>\n<li>opipljivom napretku prema institucionalnoj transformaciji\/modernizaciji visokih u\u010dili\u0161ta, uklju\u010duju\u0107i i pilot projekte ili studijske slu\u010dajeve, s posebnim naglaskom na subjekte koji se nalaze u zemljama u pro\u0161irenju<\/li>\n<li>ja\u010danju suradnje s ciljem podizanja izvrsnosti, globalne konkurentnosti i op\u0107e privla\u010dnosti za me\u0111unarodne talente i ulaganja, uklju\u010duju\u0107i odredbe o ravnopravnosti spolova. To uklju\u010duje pripreme za pokretanje potencijalne budu\u0107e inicijative europskih sveu\u010dili\u0161ta<\/li>\n<li>doprinijeti portfelju uspje\u0161nih modela suradnje za modernizaciju\/transformaciju na razini istra\u017eivanja i inovacija, sinergiji s obrazovnom dimenzijom visokog u\u010dili\u0161ta. Identificirati preostale prepreke na regionalnoj\/nacionalnoj\/EU razini koje ometaju suradnju izme\u0111u visokih u\u010dili\u0161ta i modernizaciju visokih u\u010dili\u0161ta; djelovanju kao regionalni uzor uspje\u0161ne transformacije<\/li>\n<li>omogu\u0107iti budu\u0107e sinergije izme\u0111u Europskog obrazovnog prostora i Europskog istra\u017eiva\u010dkog prostora, osobito u odnosu na saveze europskih sveu\u010dili\u0161ta.<\/li>\n<\/ul>\n<p><strong>Rok za prijavu<\/strong> je 4. studenog 2021. godine.<\/p>\n<p><strong>Ukupni prora\u010dun<\/strong> iznosi 30 milijuna eura.<\/p>\n<p><a href=\"https:\/\/ec.europa.eu\/info\/funding-tenders\/opportunities\/docs\/2021-2027\/horizon\/wp-call\/2021\/information_horizon-widera-2021-access-05-01_en.pdf\" target=\"_blank\" rel=\"noopener\">Vi\u0161e o programu<\/a><\/p>\n<p><a href=\"https:\/\/ec.europa.eu\/info\/funding-tenders\/opportunities\/portal\/screen\/opportunities\/topic-details\/horizon-widera-2021-access-05-01\" target=\"_blank\" rel=\"noopener\">Slu\u017ebeni poziv<\/a><\/p>","protected":false},"excerpt":{"rendered":"<p>Cilj poziva podr\u017eati je izgradnju mre\u017ea visoko\u0161kolskih ustanova i njihovih partnera u lokalnom ekosustavu s ciljem pripreme integrirane suradnje me\u0111u institucijama. Visoka u\u010dili\u0161ta mogu uklju\u010divati bilo koju vrstu visokih u\u010dili\u0161ta, istra\u017eiva\u010dke organizacije, akademije znanosti, veleu\u010dili\u0161ta, visoko\u0161kolske ustanove primijenjene znanosti i specijalizirane javne laboratorije. Partneri visoko\u0161kolskih ustanova u okolnim ekosustavima, poput poduze\u0107a, dru\u0161tvenih aktera ili drugih [&hellip;]<\/p>","protected":false},"author":2,"featured_media":5701,"comment_status":"closed","ping_status":"closed","sticky":false,"template":"","format":"standard","meta":{"_et_pb_use_builder":"","_et_pb_old_content":"","_et_gb_content_width":"","footnotes":""},"categories":[4],"tags":[],"class_list":["post-5700","post","type-post","status-publish","format-standard","has-post-thumbnail","hentry","category-vijesti"],"_links":{"self":[{"href":"https:\/\/www.ra-vsz.hr\/en\/wp-json\/wp\/v2\/posts\/5700","targetHints":{"allow":["GET"]}}],"collection":[{"href":"https:\/\/www.ra-vsz.hr\/en\/wp-json\/wp\/v2\/posts"}],"about":[{"href":"https:\/\/www.ra-vsz.hr\/en\/wp-json\/wp\/v2\/types\/post"}],"author":[{"embeddable":true,"href":"https:\/\/www.ra-vsz.hr\/en\/wp-json\/wp\/v2\/users\/2"}],"replies":[{"embeddable":true,"href":"https:\/\/www.ra-vsz.hr\/en\/wp-json\/wp\/v2\/comments?post=5700"}],"version-history":[{"count":1,"href":"https:\/\/www.ra-vsz.hr\/en\/wp-json\/wp\/v2\/posts\/5700\/revisions"}],"predecessor-version":[{"id":10658,"href":"https:\/\/www.ra-vsz.hr\/en\/wp-json\/wp\/v2\/posts\/5700\/revisions\/10658"}],"wp:featuredmedia":[{"embeddable":true,"href":"https:\/\/www.ra-vsz.hr\/en\/wp-json\/"}],"wp:attachment":[{"href":"https:\/\/www.ra-vsz.hr\/en\/wp-json\/wp\/v2\/media?parent=5700"}],"wp:term":[{"taxonomy":"category","embeddable":true,"href":"https:\/\/www.ra-vsz.hr\/en\/wp-json\/wp\/v2\/categories?post=5700"},{"taxonomy":"post_tag","embeddable":true,"href":"https:\/\/www.ra-vsz.hr\/en\/wp-json\/wp\/v2\/tags?post=5700"}],"curies":[{"name":"wp","href":"https:\/\/api.w.org\/{rel}","templated":true}]}}