{"id":5695,"date":"2021-08-24T11:58:02","date_gmt":"2021-08-24T09:58:02","guid":{"rendered":"https:\/\/www.ra-vsz.hr\/?p=5695"},"modified":"2023-01-29T18:16:19","modified_gmt":"2023-01-29T18:16:19","slug":"financiranje-preventivnih-projekata-osnovnih-i-srednjih-skola-te-ucenickih-domova-u-skolskoj-godini-2021-2022","status":"publish","type":"post","link":"https:\/\/www.ra-vsz.hr\/en\/financiranje-preventivnih-projekata-osnovnih-i-srednjih-skola-te-ucenickih-domova-u-skolskoj-godini-2021-2022\/","title":{"rendered":"Financiranje preventivnih projekata osnovnih i srednjih \u0161kola te u\u010deni\u010dkih domova u \u0161kolskoj godini 2021.\/2022."},"content":{"rendered":"<p>Ministarstvo znanosti i obrazovanja raspisuje Poziv za financiranje preventivnih projekata osnovnih i srednjih \u0161kola te u\u010deni\u010dkih domova u \u0161kolskoj godini 2021.\/2022.<\/p>\n<p>U svim odgojno-obrazovnim ustanovama provode se \u0161kolski preventivni programi i dio su godi\u0161njih planova i programa \u0161kola te je svrha poziva financijski poduprijeti provedbu preventivnih projekata u sklopu \u0161kolskih preventivnih programa osnovnih i srednjih \u0161kola u \u0161kolskoj godini 2021.\/2022. Namjera poziva jest pobolj\u0161ati kvalitetu, odr\u017eivost i u\u010dinkovitost preventivnih intervencija koje se provode u sklopu odgojno-obrazovnog sustava prema preporukama utemeljenima na dokazima, a radi zadovoljavanja razli\u010ditih potreba u\u010denika te u skladu s njihovim sklonostima, sposobnostima i interesima, kao i poticanje razvoja dodatnih specifi\u010dnih oblika potpore u\u010denicima.<\/p>\n<p>Na ovaj poziv osnovne i srednje \u0161kole te u\u010deni\u010dki domovi mogu prijaviti preventivni projekt s ciljem razvoja kriti\u010dkog mi\u0161ljenja i \u017eivotnih vje\u0161tina koje \u0107e omogu\u0107iti u\u010denicima uspje\u0161no no\u0161enje s izazovima rasta, razvoja i odrastanja te ih pripremiti za budu\u0107e situacije u kojima \u0107e donositi zdrave i prosocijalne odluke i izbore te ih pripremiti za stvaranje i odr\u017eavanje pozitivnih odnosa s drugima i to uz:<\/p>\n<ul>\n<li>sveobuhvatan i strategijski pristup u provo\u0111enu aktivnosti \u0161kolskih preventivnih programa<\/li>\n<li>ciljeve, aktivnosti, metode i sadr\u017eaj preventivnog projekta planiranog u odnosu na zna\u010dajke razvojne dobi, klju\u010dne razvojne zadatke te prema potrebama populacije s kojom se te aktivnosti planiraju provesti<\/li>\n<li>izradu multidisciplinarnih programa rada za u\u010denike<\/li>\n<li>interaktivne i raznolike metode u provo\u0111enju projekta te osmi\u0161ljavanje i implementaciju novih metoda i oblika rada s u\u010denicima<\/li>\n<li>osmi\u0161ljavanje i provedbu istra\u017eiva\u010dkih projekata i projektnih zadataka<\/li>\n<li>suradnju odgojno-obrazovnih ustanova s drugim odgojno-obrazovnim ustanovama, zdravstvenim i socijalnim ustanovama, pravosudnim tijelima i policijom, stru\u010dnim i znanstvenim institucijama te drugim fizi\u010dkim i pravnim osobama koji ispunjavanju uvjete za preventivni rad s u\u010denicima (npr. udrugama)<\/li>\n<li>unaprje\u0111enje mentorskoga rada u\u010ditelja, nastavnika i stru\u010dnih suradnika s u\u010denicima.<\/li>\n<\/ul>\n<p>Aktivnosti u sklopu preventivnih projekata mogu se provoditi tijekom \u0161kolske godine 2021.\/2022.<\/p>\n<p>Svaka \u0161kola mo\u017ee prijaviti jedan projekt na propisanome obrascu, a najvi\u0161i zatra\u017eeni iznos za financiranje mo\u017ee biti\u00a0<strong>do 20.000,00 kn<\/strong>.<\/p>\n<p>Rok za podno\u0161enje prijava je 17. rujna 2021. godine.<\/p>\n<p>Vi\u0161e informacija na sljede\u0107oj <a href=\"https:\/\/mzo.gov.hr\/istaknute-teme\/natjecaji-196\/poziv-za-financiranje-preventivnih-projekata-osnovnih-i-srednjih-skola-te-ucenickih-domova-u-skolskoj-godini-2021-2022\/4497\" target=\"_blank\" rel=\"noopener\">poveznici<\/a>.<\/p>","protected":false},"excerpt":{"rendered":"<p>Ministarstvo znanosti i obrazovanja raspisuje Poziv za financiranje preventivnih projekata osnovnih i srednjih \u0161kola te u\u010deni\u010dkih domova u \u0161kolskoj godini 2021.\/2022. U svim odgojno-obrazovnim ustanovama provode se \u0161kolski preventivni programi i dio su godi\u0161njih planova i programa \u0161kola te je svrha poziva financijski poduprijeti provedbu preventivnih projekata u sklopu \u0161kolskih preventivnih programa osnovnih i srednjih [&hellip;]<\/p>","protected":false},"author":2,"featured_media":5696,"comment_status":"closed","ping_status":"closed","sticky":false,"template":"","format":"standard","meta":{"_et_pb_use_builder":"","_et_pb_old_content":"","_et_gb_content_width":"","footnotes":""},"categories":[4],"tags":[],"class_list":["post-5695","post","type-post","status-publish","format-standard","has-post-thumbnail","hentry","category-vijesti"],"_links":{"self":[{"href":"https:\/\/www.ra-vsz.hr\/en\/wp-json\/wp\/v2\/posts\/5695","targetHints":{"allow":["GET"]}}],"collection":[{"href":"https:\/\/www.ra-vsz.hr\/en\/wp-json\/wp\/v2\/posts"}],"about":[{"href":"https:\/\/www.ra-vsz.hr\/en\/wp-json\/wp\/v2\/types\/post"}],"author":[{"embeddable":true,"href":"https:\/\/www.ra-vsz.hr\/en\/wp-json\/wp\/v2\/users\/2"}],"replies":[{"embeddable":true,"href":"https:\/\/www.ra-vsz.hr\/en\/wp-json\/wp\/v2\/comments?post=5695"}],"version-history":[{"count":1,"href":"https:\/\/www.ra-vsz.hr\/en\/wp-json\/wp\/v2\/posts\/5695\/revisions"}],"predecessor-version":[{"id":10657,"href":"https:\/\/www.ra-vsz.hr\/en\/wp-json\/wp\/v2\/posts\/5695\/revisions\/10657"}],"wp:featuredmedia":[{"embeddable":true,"href":"https:\/\/www.ra-vsz.hr\/en\/wp-json\/"}],"wp:attachment":[{"href":"https:\/\/www.ra-vsz.hr\/en\/wp-json\/wp\/v2\/media?parent=5695"}],"wp:term":[{"taxonomy":"category","embeddable":true,"href":"https:\/\/www.ra-vsz.hr\/en\/wp-json\/wp\/v2\/categories?post=5695"},{"taxonomy":"post_tag","embeddable":true,"href":"https:\/\/www.ra-vsz.hr\/en\/wp-json\/wp\/v2\/tags?post=5695"}],"curies":[{"name":"wp","href":"https:\/\/api.w.org\/{rel}","templated":true}]}}