{"id":5683,"date":"2021-08-20T10:54:31","date_gmt":"2021-08-20T08:54:31","guid":{"rendered":"https:\/\/www.ra-vsz.hr\/?p=5683"},"modified":"2023-01-29T18:15:56","modified_gmt":"2023-01-29T18:15:56","slug":"natjecaj-za-akreditacije-erasmus-2021-u-podrucju-odgoja-i-opceg-obrazovanja-strukovnog-obrazovanja-i-osposobljavanja-te-obrazovanja-odraslih","status":"publish","type":"post","link":"https:\/\/www.ra-vsz.hr\/en\/natjecaj-za-akreditacije-erasmus-2021-u-podrucju-odgoja-i-opceg-obrazovanja-strukovnog-obrazovanja-i-osposobljavanja-te-obrazovanja-odraslih\/","title":{"rendered":"Natje\u010daj za akreditacije Erasmus 2021. u podru\u010dju odgoja i op\u0107eg obrazovanja, strukovnog obrazovanja i osposobljavanja te obrazovanja odraslih"},"content":{"rendered":"<p>Europska komisija objavila je 25. o\u017eujka 2021. godine Poziv na podno\u0161enje prijedloga za program Erasmus+ za 2021. godinu u sklopu kojega je objavljen i natje\u010daj za akreditacije Erasmus 2021. u podru\u010dju odgoja i op\u0107eg obrazovanja, strukovnog obrazovanja i osposobljavanja te obrazovanja odraslih.<\/p>\n<p>Dodjelom akreditacije Erasmus potvr\u0111uje se da je podnositelj zahtjeva usvojio plan za provedbu visokokvalitetnih aktivnosti koje \u0107e provoditi tijekom mobilnosti u svrhu razvoja svoje ustanove. Akreditacija Erasmus alat je za ustanove u podru\u010dju odgoja i op\u0107eg obrazovanja, strukovnog obrazovanja i osposobljavanja te obrazovanja odraslih koji se \u017eele uklju\u010diti u me\u0111unarodnu razmjenu i suradnju. Dodjelom akreditacije Erasmus potvr\u0111uje se da je podnositelj zahtjeva izradio plan za provedbu visokokvalitetnih aktivnosti mobilnosti u okviru razvoja svoje organizacije.<\/p>\n<p>Akreditacija Erasmus omogu\u0107it \u0107e svojim nositeljima pojednostavljeni pristup izvorima financiranja iz Klju\u010dne aktivnosti 1 tijekom \u010ditavog programskog razdoblja (2021. &#8211; 2027.).<\/p>\n<p>Zainteresirane ustanove mogu se prijaviti za pojedina\u010dne akreditacije Erasmus za svoju ustanovu ili za mobilnost koordinatora projektnih konzorcija.<\/p>\n<p>Rok za prijavu je 19. listopada 2021. godine.<\/p>\n<p>Vi\u0161e informacija na sljede\u0107oj <a href=\"https:\/\/www.mobilnost.hr\/hr\/natjecaji\/natjecaj-za-akreditacije-erasmus-2021-u-podrucju-odgoja-i-opceg-obrazovanja-strukovnog-obrazovanja-i-osposobljavanja-te-obrazovanja-odraslih\/\" target=\"_blank\" rel=\"noopener\">poveznici<\/a>.<\/p>","protected":false},"excerpt":{"rendered":"<p>Europska komisija objavila je 25. o\u017eujka 2021. godine Poziv na podno\u0161enje prijedloga za program Erasmus+ za 2021. godinu u sklopu kojega je objavljen i natje\u010daj za akreditacije Erasmus 2021. u podru\u010dju odgoja i op\u0107eg obrazovanja, strukovnog obrazovanja i osposobljavanja te obrazovanja odraslih. Dodjelom akreditacije Erasmus potvr\u0111uje se da je podnositelj zahtjeva usvojio plan za provedbu [&hellip;]<\/p>","protected":false},"author":2,"featured_media":5684,"comment_status":"closed","ping_status":"closed","sticky":false,"template":"","format":"standard","meta":{"_et_pb_use_builder":"","_et_pb_old_content":"","_et_gb_content_width":"","footnotes":""},"categories":[4],"tags":[],"class_list":["post-5683","post","type-post","status-publish","format-standard","has-post-thumbnail","hentry","category-vijesti"],"_links":{"self":[{"href":"https:\/\/www.ra-vsz.hr\/en\/wp-json\/wp\/v2\/posts\/5683","targetHints":{"allow":["GET"]}}],"collection":[{"href":"https:\/\/www.ra-vsz.hr\/en\/wp-json\/wp\/v2\/posts"}],"about":[{"href":"https:\/\/www.ra-vsz.hr\/en\/wp-json\/wp\/v2\/types\/post"}],"author":[{"embeddable":true,"href":"https:\/\/www.ra-vsz.hr\/en\/wp-json\/wp\/v2\/users\/2"}],"replies":[{"embeddable":true,"href":"https:\/\/www.ra-vsz.hr\/en\/wp-json\/wp\/v2\/comments?post=5683"}],"version-history":[{"count":1,"href":"https:\/\/www.ra-vsz.hr\/en\/wp-json\/wp\/v2\/posts\/5683\/revisions"}],"predecessor-version":[{"id":10655,"href":"https:\/\/www.ra-vsz.hr\/en\/wp-json\/wp\/v2\/posts\/5683\/revisions\/10655"}],"wp:featuredmedia":[{"embeddable":true,"href":"https:\/\/www.ra-vsz.hr\/en\/wp-json\/"}],"wp:attachment":[{"href":"https:\/\/www.ra-vsz.hr\/en\/wp-json\/wp\/v2\/media?parent=5683"}],"wp:term":[{"taxonomy":"category","embeddable":true,"href":"https:\/\/www.ra-vsz.hr\/en\/wp-json\/wp\/v2\/categories?post=5683"},{"taxonomy":"post_tag","embeddable":true,"href":"https:\/\/www.ra-vsz.hr\/en\/wp-json\/wp\/v2\/tags?post=5683"}],"curies":[{"name":"wp","href":"https:\/\/api.w.org\/{rel}","templated":true}]}}