{"id":5678,"date":"2021-08-20T10:47:22","date_gmt":"2021-08-20T08:47:22","guid":{"rendered":"https:\/\/www.ra-vsz.hr\/?p=5678"},"modified":"2023-01-29T18:15:46","modified_gmt":"2023-01-29T18:15:46","slug":"javni-poziv-za-sudjelovanje-u-projektu-biosigurnost-i-biozastita-izvannastavna-aktivnost-i-izborni-program-u-osnovnim-i-srednjim-skolama-u-republici-hrvatskoj","status":"publish","type":"post","link":"https:\/\/www.ra-vsz.hr\/en\/javni-poziv-za-sudjelovanje-u-projektu-biosigurnost-i-biozastita-izvannastavna-aktivnost-i-izborni-program-u-osnovnim-i-srednjim-skolama-u-republici-hrvatskoj\/","title":{"rendered":"Javni poziv za sudjelovanje u projektu Biosigurnost i bioza\u0161tita &#8211; izvannastavna aktivnost i izborni program u osnovnim i srednjim \u0161kolama u Republici Hrvatskoj"},"content":{"rendered":"<p>Tijekom \u0161kolske godine 2020.\/2021. godine u 122 osnovne i srednje \u0161kole uspje\u0161no je proveden\u00a0 <a href=\"https:\/\/sites.google.com\/view\/pilot-projekt-biosigurnost-i-b\/po%C4%8Detna-stranica\" target=\"_blank\" rel=\"noopener\">pilot-projekt Biosigurnost i bioza\u0161tita\u00a0<\/a>i organizirana\u00a0<a href=\"https:\/\/sites.google.com\/view\/dravna-smotra-biosigurnost\/po%C4%8Detna-stranica\" target=\"_blank\" rel=\"noopener\">Dr\u017eavna smotra u\u010deni\u010dkih radova Biosigurnost i bioza\u0161tita<\/a>.<\/p>\n<p>Glavni ciljevi projekta su upoznavanje u\u010denika s va\u017eno\u0161\u0107u stru\u010dnoga, znanstvenoga, globalnoga i osobnoga pristupa u sprje\u010davanju \u0161irenja zaraznih bolesti; upoznavanje s opasnim uzro\u010dnicima i njihovim na\u010dinom djelovanja; usvajanje odgovornoga pona\u0161anja prema vlastitome i tu\u0111em zdravlju u \u0161koli, obiteljskome domu, dru\u0161tvu i okoli\u0161u; analiziranje potencijalnih opasnosti biougroze i na\u010dina prevencije; osposobljavanje u\u010denika za prosu\u0111ivanje i vrednovanje informacija u javnom medijskom prostoru; popularizacija znanosti i istra\u017eivanja u STEM podru\u010dju kroz u\u010deni\u010dki istra\u017eiva\u010dki rad; razvijanje interesa za znanost i istra\u017eivanje; razvijanje suradni\u010dkoga odnosa me\u0111u u\u010denicima te u\u010denicima i mentorima; razvijanje i usavr\u0161avanje digitalnih kompetencija kroz izradu digitalnih video i audiomaterijala; poticanje komunikacijskih i prezentacijskih vje\u0161tina; stru\u010dno usavr\u0161avanje u\u010ditelja, nastavnika i stru\u010dnih suradnika.<\/p>\n<p>Planirane ishode u\u010denici ostvaruju istra\u017eiva\u010dkim radom, problemskom nastavom,\u00a0 rje\u0161avanjem problema, prakti\u010dnim radom, unose\u0107i, obra\u0111uju\u0107i i analiziraju\u0107i podatke dobivene istra\u017eivanjem, izra\u0111uju\u0107i plakate i prezentacije, sudjelovanjem u raspravama kreativno se izra\u017eavaju\u0107i, rje\u0161avanjem kvizova i ostalim metodi\u010dkim postupcima i aktivnostima kojima se ostvaruje aktivno u\u010denje.<\/p>\n<p>Svi scenariji pou\u010davanja prilago\u0111eni su mogu\u0107oj nastavi na daljinu. Na digitalnoj platformi su za svaki nastavni sat pripremljeni i ponu\u0111eni nastavni sadr\u017eaji i materijali potrebni za rad u\u010denika, u\u010ditelja i nastavnika.<\/p>\n<p>Pozivaju se u\u010ditelji i nastavnici Biologije te u\u010ditelji i nastavnici ostalih predmeta koji pripadaju STEM podru\u010dju kao i zainteresirani stru\u010dni suradnici koji \u017eele sudjelovati u projektu i provoditi izvannastavnu aktivnost Biosigurnost i bioza\u0161tita u osnovnim \u0161kolama, izbornu nastavu ili projekt u okviru \u0161kolskog kurikuluma u srednjim \u0161kolama da se jave na navedeni javni poziv.<\/p>\n<p>24. i 25. kolovoza 2021. godine, Klinika za infektivne bolesti \u201eDr. Fran Mihaljevi\u0107\u201c, Hrvatski zavod za javno zdravstvo te Hrvatsko dru\u0161tvo za biosigurnost i bioza\u0161titu \u0107e odr\u017eati Dr\u017eavni stru\u010dni skup za u\u010ditelje i nastavnike u projektu Biosigurnost i bioza\u0161tita koji je objavljen i preko stranica AZOO.<\/p>\n<p>Rok za prijavu je 5. rujna\u00a0 2021.<\/p>\n<p>Vi\u0161e o pozivu i na\u010dinu prijave na sljede\u0107oj <a href=\"https:\/\/mzo.gov.hr\/vijesti\/javni-poziv-za-sudjelovanje-u-projektu-biosigurnost-i-biozastita-izvannastavna-aktivnost-i-izborni-program-u-osnovnim-i-srednjim-skolama-u-republici-hrvatskoj\/4495\" target=\"_blank\" rel=\"noopener\">poveznici<\/a>.<\/p>","protected":false},"excerpt":{"rendered":"<p>Tijekom \u0161kolske godine 2020.\/2021. godine u 122 osnovne i srednje \u0161kole uspje\u0161no je proveden\u00a0 pilot-projekt Biosigurnost i bioza\u0161tita\u00a0i organizirana\u00a0Dr\u017eavna smotra u\u010deni\u010dkih radova Biosigurnost i bioza\u0161tita. Glavni ciljevi projekta su upoznavanje u\u010denika s va\u017eno\u0161\u0107u stru\u010dnoga, znanstvenoga, globalnoga i osobnoga pristupa u sprje\u010davanju \u0161irenja zaraznih bolesti; upoznavanje s opasnim uzro\u010dnicima i njihovim na\u010dinom djelovanja; usvajanje odgovornoga pona\u0161anja [&hellip;]<\/p>","protected":false},"author":2,"featured_media":5679,"comment_status":"closed","ping_status":"closed","sticky":false,"template":"","format":"standard","meta":{"_et_pb_use_builder":"","_et_pb_old_content":"","_et_gb_content_width":"","footnotes":""},"categories":[4],"tags":[],"class_list":["post-5678","post","type-post","status-publish","format-standard","has-post-thumbnail","hentry","category-vijesti"],"_links":{"self":[{"href":"https:\/\/www.ra-vsz.hr\/en\/wp-json\/wp\/v2\/posts\/5678","targetHints":{"allow":["GET"]}}],"collection":[{"href":"https:\/\/www.ra-vsz.hr\/en\/wp-json\/wp\/v2\/posts"}],"about":[{"href":"https:\/\/www.ra-vsz.hr\/en\/wp-json\/wp\/v2\/types\/post"}],"author":[{"embeddable":true,"href":"https:\/\/www.ra-vsz.hr\/en\/wp-json\/wp\/v2\/users\/2"}],"replies":[{"embeddable":true,"href":"https:\/\/www.ra-vsz.hr\/en\/wp-json\/wp\/v2\/comments?post=5678"}],"version-history":[{"count":1,"href":"https:\/\/www.ra-vsz.hr\/en\/wp-json\/wp\/v2\/posts\/5678\/revisions"}],"predecessor-version":[{"id":10654,"href":"https:\/\/www.ra-vsz.hr\/en\/wp-json\/wp\/v2\/posts\/5678\/revisions\/10654"}],"wp:featuredmedia":[{"embeddable":true,"href":"https:\/\/www.ra-vsz.hr\/en\/wp-json\/"}],"wp:attachment":[{"href":"https:\/\/www.ra-vsz.hr\/en\/wp-json\/wp\/v2\/media?parent=5678"}],"wp:term":[{"taxonomy":"category","embeddable":true,"href":"https:\/\/www.ra-vsz.hr\/en\/wp-json\/wp\/v2\/categories?post=5678"},{"taxonomy":"post_tag","embeddable":true,"href":"https:\/\/www.ra-vsz.hr\/en\/wp-json\/wp\/v2\/tags?post=5678"}],"curies":[{"name":"wp","href":"https:\/\/api.w.org\/{rel}","templated":true}]}}