{"id":5644,"date":"2021-08-04T14:55:39","date_gmt":"2021-08-04T12:55:39","guid":{"rendered":"https:\/\/www.ra-vsz.hr\/?p=5644"},"modified":"2023-01-29T18:13:10","modified_gmt":"2023-01-29T18:13:10","slug":"europska-komisija-objavila-je-cetiri-nova-poziva-na-podnosenje-prijedloga-za-poticaj-medijima-u-iznosu-od-12-milijuna-eura","status":"publish","type":"post","link":"https:\/\/www.ra-vsz.hr\/en\/europska-komisija-objavila-je-cetiri-nova-poziva-na-podnosenje-prijedloga-za-poticaj-medijima-u-iznosu-od-12-milijuna-eura\/","title":{"rendered":"Europska komisija objavila je \u010detiri nova poziva na podno\u0161enje prijedloga za poticaj medijima u iznosu od 12 milijuna eura."},"content":{"rendered":"<p><span style=\"font-family: arial, sans-serif;\">Jedan poziv namijenjen je digitalnim platformama za vi\u0161ejezi\u010dno izvje\u0161tavanje o EU-u, a drugi mre\u017ei radio-postaja. Financijski poticaj trebao bi pomo\u0107i pove\u0107ati medijsko izvje\u0161tavanje i debatu o europskim temama. Zatim, Komisija poziva na slanje prijedloga za pilot-projekt predvi\u0111en medijskim mre\u017eama za mlade koje na dru\u0161tvenim mre\u017eama objavljuju &#8216;provokativni sadr\u017eaj o aktualnim pitanjima&#8217;. Posljednji poziv usmjeren je na europske medijske platforme s ciljem pobolj\u0161anja pristupa gra\u0111ana pouzdanim informacijama.<br \/>\nProjekti ukupno vrijede 12 milijuna eura i svi \u0107e imati punu ure\u0111iva\u010dku slobodu.<br \/>\nVi\u0161e informacija o pozivima na podno\u0161enje prijedloga u korist medijskog sektora na\u0107i \u0107ete\u00a0<a href=\"https:\/\/digital-strategy.ec.europa.eu\/en\/policies\/funding-news-media-sector\" target=\"_blank\" rel=\"noopener\" data-saferedirecturl=\"https:\/\/www.google.com\/url?q=https:\/\/digital-strategy.ec.europa.eu\/en\/policies\/funding-news-media-sector&amp;source=gmail&amp;ust=1628168058496000&amp;usg=AFQjCNGTUxb-59_q3RsqStSocff5ZQx9ag\">ovdje<\/a>\u00a0\u00a0a pripremljen je i\u00a0<a href=\"https:\/\/digital-strategy.ec.europa.eu\/en\/policies\/tool-funding-media\" target=\"_blank\" rel=\"noopener\" data-saferedirecturl=\"https:\/\/www.google.com\/url?q=https:\/\/digital-strategy.ec.europa.eu\/en\/policies\/tool-funding-media&amp;source=gmail&amp;ust=1628168058496000&amp;usg=AFQjCNFeGBCesu5pNr-z1Z4WaPBPF6jvWg\">instrument<\/a>\u00a0s pomo\u0107u kojega \u0107e mediji pronalaziti prilike za financiranje. Novinari mogu na\u0107i pomo\u0107 na nacionalnoj razini na\u00a0<a href=\"https:\/\/ec.europa.eu\/culture\/resources\/creative-europe-desks\" target=\"_blank\" rel=\"noopener\" data-saferedirecturl=\"https:\/\/www.google.com\/url?q=https:\/\/ec.europa.eu\/culture\/resources\/creative-europe-desks&amp;source=gmail&amp;ust=1628168058496000&amp;usg=AFQjCNFjpf_nyDYhgggHDal7h3SeAyth2Q\">Creative Europe<\/a>.<\/span><\/p>","protected":false},"excerpt":{"rendered":"<p>Jedan poziv namijenjen je digitalnim platformama za vi\u0161ejezi\u010dno izvje\u0161tavanje o EU-u, a drugi mre\u017ei radio-postaja. Financijski poticaj trebao bi pomo\u0107i pove\u0107ati medijsko izvje\u0161tavanje i debatu o europskim temama. Zatim, Komisija poziva na slanje prijedloga za pilot-projekt predvi\u0111en medijskim mre\u017eama za mlade koje na dru\u0161tvenim mre\u017eama objavljuju &#8216;provokativni sadr\u017eaj o aktualnim pitanjima&#8217;. Posljednji poziv usmjeren je [&hellip;]<\/p>","protected":false},"author":2,"featured_media":5645,"comment_status":"closed","ping_status":"closed","sticky":false,"template":"","format":"standard","meta":{"_et_pb_use_builder":"","_et_pb_old_content":"","_et_gb_content_width":"","footnotes":""},"categories":[4],"tags":[],"class_list":["post-5644","post","type-post","status-publish","format-standard","has-post-thumbnail","hentry","category-vijesti"],"_links":{"self":[{"href":"https:\/\/www.ra-vsz.hr\/en\/wp-json\/wp\/v2\/posts\/5644","targetHints":{"allow":["GET"]}}],"collection":[{"href":"https:\/\/www.ra-vsz.hr\/en\/wp-json\/wp\/v2\/posts"}],"about":[{"href":"https:\/\/www.ra-vsz.hr\/en\/wp-json\/wp\/v2\/types\/post"}],"author":[{"embeddable":true,"href":"https:\/\/www.ra-vsz.hr\/en\/wp-json\/wp\/v2\/users\/2"}],"replies":[{"embeddable":true,"href":"https:\/\/www.ra-vsz.hr\/en\/wp-json\/wp\/v2\/comments?post=5644"}],"version-history":[{"count":1,"href":"https:\/\/www.ra-vsz.hr\/en\/wp-json\/wp\/v2\/posts\/5644\/revisions"}],"predecessor-version":[{"id":10647,"href":"https:\/\/www.ra-vsz.hr\/en\/wp-json\/wp\/v2\/posts\/5644\/revisions\/10647"}],"wp:featuredmedia":[{"embeddable":true,"href":"https:\/\/www.ra-vsz.hr\/en\/wp-json\/"}],"wp:attachment":[{"href":"https:\/\/www.ra-vsz.hr\/en\/wp-json\/wp\/v2\/media?parent=5644"}],"wp:term":[{"taxonomy":"category","embeddable":true,"href":"https:\/\/www.ra-vsz.hr\/en\/wp-json\/wp\/v2\/categories?post=5644"},{"taxonomy":"post_tag","embeddable":true,"href":"https:\/\/www.ra-vsz.hr\/en\/wp-json\/wp\/v2\/tags?post=5644"}],"curies":[{"name":"wp","href":"https:\/\/api.w.org\/{rel}","templated":true}]}}