{"id":14135,"date":"2025-06-05T12:22:19","date_gmt":"2025-06-05T12:22:19","guid":{"rendered":"https:\/\/www.ra-vsz.hr\/?p=14135"},"modified":"2025-06-05T12:22:22","modified_gmt":"2025-06-05T12:22:22","slug":"predstavljanje-programa-unije-cerv-kreativna-europa_pozega","status":"publish","type":"post","link":"https:\/\/www.ra-vsz.hr\/en\/predstavljanje-programa-unije-cerv-kreativna-europa_pozega\/","title":{"rendered":"Predstavljanje programa Unije: CERV &amp; Kreativna Europa_Po\u017eega"},"content":{"rendered":"<h3 class=\"wp-block-heading\"><strong>Desk Kreativne Europe \u2013 Kultura pri Ministarstvu kulture i medija, zajedno s Nacionalnom kontakt to\u010dkom za program Unije Gra\u0111ani, jednakost, prava i vrijednosti (CERV) koju vodi Ured za udruge Vlade RH, u suradnji s Gradom Po\u017eegom, Gradskom knji\u017enicom Po\u017eega i uredom Europe Direct Slavonski Brod, organiziraju predstavljanje dva programa Europske unije: Kreativna Europa \u2013 potprogram Kultura te program Gra\u0111ani, jednakost, prava i vrijednosti (CERV).<\/strong><\/h3>\n\n\n\n<h3 class=\"wp-block-heading\"><strong>Doga\u0111aj \u0107e se odr\u017eati u utorak, 10. lipnja 2025. godine, s po\u010detkom u 10:30 sati, u Dvorani znanja Gradske knji\u017enice Po\u017eega.<\/strong><\/h3>\n\n\n\n<p>Na doga\u0111anju \u0107e biti predstavljene mogu\u0107nosti financiranja projektnih ideja kroz programe Europske unije. Sudionici \u0107e dobiti pregled otvorenih i nadolaze\u0107ih natje\u010daja te uvida u konkretne teme koje se financiraju te upoznati se s elementima projektnog ciklusa. Tako\u0111er \u0107e se tijekom radionice sudionici detaljno upoznati s&nbsp;<em>Funding and Tenders<\/em>&nbsp;portalom (FTOP), klju\u010dnim digitalnim alatom za prijavu projektnih prijedloga na EU razini.<\/p>\n\n\n\n<p>Za organizacije i institucije koje imaju razvijene projektne prijedloge i\/ili konkretne ideje za natje\u010daje programa CERV i\/ili kreativna Europa te ih \u017eele dodatno razraditi, bit \u0107e omogu\u0107ene i individualne konzultacije,&nbsp;<strong>u srijedu, 11. lipnja, s po\u010detkom u 10 sati.<\/strong><\/p>\n\n\n\n<p>Doga\u0111anje je namijenjeno \u0161irokom krugu dionika, a posebno je usmjereno na organizacije civilnog dru\u0161tva- udruge, zaklade, zatim lokalne akcijske grupe, razvojne agencije, kulturne ustanove i organizacije, obrazovne institucije te jedinice lokalne samouprave.<\/p>\n\n\n\n<p>Za sudjelovanje je potrebno prijaviti se putem&nbsp;<a href=\"https:\/\/forms.gle\/XnmJuKm7TCreYnit9\" target=\"_blank\" rel=\"noreferrer noopener\"><strong>obrasca<\/strong><\/a>.<\/p>\n\n\n\n<p>Vi\u0161e o programu doga\u0111aja i drugim informacijama mo\u017eete prona\u0107i na&nbsp;<a href=\"https:\/\/deskkultura.hr\/hr\/dogadanja\/pozega-predstavljanje-programa-unije-cerv-kreativna-europa\" target=\"_blank\" rel=\"noreferrer noopener\">poveznici<\/a><\/p>","protected":false},"excerpt":{"rendered":"<p>Desk Kreativne Europe \u2013 Kultura pri Ministarstvu kulture i medija, zajedno s Nacionalnom kontakt to\u010dkom za program Unije Gra\u0111ani, jednakost, prava i vrijednosti (CERV) koju vodi Ured za udruge Vlade RH, u suradnji s Gradom Po\u017eegom, Gradskom knji\u017enicom Po\u017eega i uredom Europe Direct Slavonski Brod, organiziraju predstavljanje dva programa Europske unije: Kreativna Europa \u2013 potprogram [&hellip;]<\/p>","protected":false},"author":1,"featured_media":14136,"comment_status":"closed","ping_status":"closed","sticky":false,"template":"","format":"standard","meta":{"_et_pb_use_builder":"","_et_pb_old_content":"","_et_gb_content_width":"","footnotes":""},"categories":[4,6],"tags":[],"class_list":["post-14135","post","type-post","status-publish","format-standard","has-post-thumbnail","hentry","category-vijesti","category-natjecaji"],"_links":{"self":[{"href":"https:\/\/www.ra-vsz.hr\/en\/wp-json\/wp\/v2\/posts\/14135","targetHints":{"allow":["GET"]}}],"collection":[{"href":"https:\/\/www.ra-vsz.hr\/en\/wp-json\/wp\/v2\/posts"}],"about":[{"href":"https:\/\/www.ra-vsz.hr\/en\/wp-json\/wp\/v2\/types\/post"}],"author":[{"embeddable":true,"href":"https:\/\/www.ra-vsz.hr\/en\/wp-json\/wp\/v2\/users\/1"}],"replies":[{"embeddable":true,"href":"https:\/\/www.ra-vsz.hr\/en\/wp-json\/wp\/v2\/comments?post=14135"}],"version-history":[{"count":1,"href":"https:\/\/www.ra-vsz.hr\/en\/wp-json\/wp\/v2\/posts\/14135\/revisions"}],"predecessor-version":[{"id":14137,"href":"https:\/\/www.ra-vsz.hr\/en\/wp-json\/wp\/v2\/posts\/14135\/revisions\/14137"}],"wp:featuredmedia":[{"embeddable":true,"href":"https:\/\/www.ra-vsz.hr\/en\/wp-json\/wp\/v2\/media\/14136"}],"wp:attachment":[{"href":"https:\/\/www.ra-vsz.hr\/en\/wp-json\/wp\/v2\/media?parent=14135"}],"wp:term":[{"taxonomy":"category","embeddable":true,"href":"https:\/\/www.ra-vsz.hr\/en\/wp-json\/wp\/v2\/categories?post=14135"},{"taxonomy":"post_tag","embeddable":true,"href":"https:\/\/www.ra-vsz.hr\/en\/wp-json\/wp\/v2\/tags?post=14135"}],"curies":[{"name":"wp","href":"https:\/\/api.w.org\/{rel}","templated":true}]}}