{"id":14129,"date":"2025-06-05T05:35:35","date_gmt":"2025-06-05T05:35:35","guid":{"rendered":"https:\/\/www.ra-vsz.hr\/?p=14129"},"modified":"2025-06-05T05:35:38","modified_gmt":"2025-06-05T05:35:38","slug":"prijave-za-transformator-2025","status":"publish","type":"post","link":"https:\/\/www.ra-vsz.hr\/en\/prijave-za-transformator-2025\/","title":{"rendered":"Prijave za transformator 2025."},"content":{"rendered":"<p>Otvorene su prijave za TRANSFORMATOR &#8211; program namijenjen liderima koji \u017eele oja\u010dati svoj strate\u0161ki smjer, sustavno pristupiti izazovima i pretvoriti ideje u jasne, odr\u017eive akcije.<br><br><strong>\u0160to je\u00a0<\/strong><a href=\"https:\/\/www.transformator.global\/croatia\" target=\"_blank\" rel=\"noreferrer noopener\"><strong>TRANSFORMATOR<\/strong><\/a><strong>?<\/strong><\/p>\n\n\n\n<p>Edukativni akceleratorski program, koji je trenutno u svom drugom izdanju, prilago\u0111en malim i srednjim poduze\u0107ima koja te\u017ee odr\u017eivom rastu kroz rje\u0161enja uskla\u0111ena u\u010dinkovitijim kori\u0161tenjem resursa i inicijativama koje imaju stvaran utjecaj.<br><br>Program se odvija u hibridnom formatu, kroz raznolike aktivnosti od rujna do studenog tijekom 2025., te pru\u017ea alate za pove\u0107anje u\u010dinkovitosti, ve\u0107u jasno\u0107u u dono\u0161enju odluka i bolju prilagodljivost.<br><br><strong>\u0160to dobivate:<\/strong><\/p>\n\n\n\n<ul class=\"wp-block-list\">\n<li>Podr\u0161ku osobnog savjetodavnog odbora prilago\u0111enu va\u0161im potrebama<\/li>\n\n\n\n<li>Live sesije s ekspertima i investitorima<\/li>\n\n\n\n<li>Dva intenzivna bootcampa u Zagrebu<\/li>\n\n\n\n<li>Prakti\u010dne alate i odmah primjenjive strategije<\/li>\n\n\n\n<li>Analizu trenutnog stanja poslovanja s aspekta odr\u017eivosti<\/li>\n\n\n\n<li>Podr\u0161ku u izradi akcijskog plana za implementaciju mjera odr\u017eivosti<\/li>\n\n\n\n<li>Pristup zajednici poduzetnika sli\u010dnog razmi\u0161ljanja<\/li>\n<\/ul>\n\n\n\n<p><strong>Za koga je program namijenjen?<\/strong>&nbsp;Vlasnicima i klju\u010dnim zaposlenicima malih i srednjih poduze\u0107a koji \u017eele:<\/p>\n\n\n\n<ul class=\"wp-block-list\">\n<li>Pobolj\u0161ati u\u010dinkovitost bez usporavanja napretka<\/li>\n\n\n\n<li>Prilagoditi procese za bolji odgovor na promjene<\/li>\n\n\n\n<li>Donositi odluke koje osiguravaju kontinuitet i rast<\/li>\n\n\n\n<li>Istra\u017eiti odr\u017eiva rje\u0161enja koriste\u0107i postoje\u0107e resurse<\/li>\n\n\n\n<li>Povezati se s lokalnim poduzetnicima<\/li>\n<\/ul>\n\n\n\n<p>Prijavite se na\u00a0<a href=\"https:\/\/www.cognitoforms.com\/SocialInnovationSolutions\/HRVATSKATRANSFORMATORPrijavniObrazac2025\" target=\"_blank\" rel=\"noreferrer noopener\">poveznici<\/a>!<br><br><strong>Prijave su otvorene do 15.06.2025. \u00a0u 23:59 h.<\/strong><br><br>Vi\u0161e informacija mo\u017eete dobiti putem e-maila\u00a0<a href=\"mailto:transformator@huki.hr\" target=\"_blank\" rel=\"noreferrer noopener\">transformator@huki.hr<\/a>.<\/p>","protected":false},"excerpt":{"rendered":"<p>Otvorene su prijave za TRANSFORMATOR &#8211; program namijenjen liderima koji \u017eele oja\u010dati svoj strate\u0161ki smjer, sustavno pristupiti izazovima i pretvoriti ideje u jasne, odr\u017eive akcije. \u0160to je\u00a0TRANSFORMATOR? Edukativni akceleratorski program, koji je trenutno u svom drugom izdanju, prilago\u0111en malim i srednjim poduze\u0107ima koja te\u017ee odr\u017eivom rastu kroz rje\u0161enja uskla\u0111ena u\u010dinkovitijim kori\u0161tenjem resursa i inicijativama koje [&hellip;]<\/p>","protected":false},"author":1,"featured_media":13945,"comment_status":"closed","ping_status":"closed","sticky":false,"template":"","format":"standard","meta":{"_et_pb_use_builder":"","_et_pb_old_content":"","_et_gb_content_width":"","footnotes":""},"categories":[4],"tags":[],"class_list":["post-14129","post","type-post","status-publish","format-standard","has-post-thumbnail","hentry","category-vijesti"],"_links":{"self":[{"href":"https:\/\/www.ra-vsz.hr\/en\/wp-json\/wp\/v2\/posts\/14129","targetHints":{"allow":["GET"]}}],"collection":[{"href":"https:\/\/www.ra-vsz.hr\/en\/wp-json\/wp\/v2\/posts"}],"about":[{"href":"https:\/\/www.ra-vsz.hr\/en\/wp-json\/wp\/v2\/types\/post"}],"author":[{"embeddable":true,"href":"https:\/\/www.ra-vsz.hr\/en\/wp-json\/wp\/v2\/users\/1"}],"replies":[{"embeddable":true,"href":"https:\/\/www.ra-vsz.hr\/en\/wp-json\/wp\/v2\/comments?post=14129"}],"version-history":[{"count":2,"href":"https:\/\/www.ra-vsz.hr\/en\/wp-json\/wp\/v2\/posts\/14129\/revisions"}],"predecessor-version":[{"id":14131,"href":"https:\/\/www.ra-vsz.hr\/en\/wp-json\/wp\/v2\/posts\/14129\/revisions\/14131"}],"wp:featuredmedia":[{"embeddable":true,"href":"https:\/\/www.ra-vsz.hr\/en\/wp-json\/wp\/v2\/media\/13945"}],"wp:attachment":[{"href":"https:\/\/www.ra-vsz.hr\/en\/wp-json\/wp\/v2\/media?parent=14129"}],"wp:term":[{"taxonomy":"category","embeddable":true,"href":"https:\/\/www.ra-vsz.hr\/en\/wp-json\/wp\/v2\/categories?post=14129"},{"taxonomy":"post_tag","embeddable":true,"href":"https:\/\/www.ra-vsz.hr\/en\/wp-json\/wp\/v2\/tags?post=14129"}],"curies":[{"name":"wp","href":"https:\/\/api.w.org\/{rel}","templated":true}]}}