{"id":14127,"date":"2025-06-04T05:23:02","date_gmt":"2025-06-04T05:23:02","guid":{"rendered":"https:\/\/www.ra-vsz.hr\/?p=14127"},"modified":"2025-06-04T05:23:05","modified_gmt":"2025-06-04T05:23:05","slug":"potpora-msp-ovima-za-internacionalizaciju","status":"publish","type":"post","link":"https:\/\/www.ra-vsz.hr\/en\/potpora-msp-ovima-za-internacionalizaciju\/","title":{"rendered":"Potpora MSP-ovima za internacionalizaciju"},"content":{"rendered":"<p>Ministarstvo gospodarstva objavilo je Poziv na dodjelu bespovratnih sredstava \u201e<strong>Potpora MSP-ovima za internacionalizaciju\u201c&nbsp;<\/strong>(referentni broj:<strong>&nbsp;PK.1.3.10.<\/strong>), usmjeren na ja\u010danje nastupa hrvatskih obrtnika i poduzetnika na inozemnim tr\u017ei\u0161tima.<\/p>\n\n\n\n<p>Cilj Poziva je ja\u010danje me\u0111unarodne konkurentnosti MSP-ova olak\u0161avanjem njihova sudjelovanja na me\u0111unarodnim sajmovima, s ciljem predstavljanja njihovih proizvoda i\/ili usluga me\u0111unarodnoj poslovnoj zajednici u inozemstvu te uvo\u0111enja proizvoda na nova, inozemna tr\u017ei\u0161ta.<\/p>\n\n\n\n<p>Ukupan raspolo\u017eiv iznos bespovratnih sredstava za dodjelu u okviru ovog Poziva je 25.000.000,00 EUR.<\/p>\n\n\n\n<p><strong>\u0160to se financira?<\/strong><\/p>\n\n\n\n<p>Prijavitelji mogu ostvariti potporu za&nbsp;<strong>sudjelovanje na me\u0111unarodnim sajmovima<\/strong>, uz pokri\u0107e tro\u0161kova kao \u0161to su:<\/p>\n\n\n\n<ul class=\"wp-block-list\">\n<li>sudjelovanje na me\u0111unarodnom sajmu<\/li>\n\n\n\n<li>najam izlo\u017ebenog prostora<\/li>\n\n\n\n<li>postavljanje, ure\u0111enje, opremanje i pripreme \u0161tanda s potrebnim priklju\u010dcima<\/li>\n\n\n\n<li>najam opreme (ICT oprema, ugostiteljska oprema, projektor i sl.)<\/li>\n\n\n\n<li>upis u katalog izlaga\u010da<\/li>\n\n\n\n<li>izrada promotivnog materijala za nastup na sajmu<\/li>\n\n\n\n<li>anga\u017eiranje prevoditelja za vrijeme trajanja sajma<\/li>\n\n\n\n<li>prijevoz zaposlenika i opreme\/izlo\u017eaka<\/li>\n\n\n\n<li>isplata dnevnica zaposlenika<\/li>\n\n\n\n<li>najam smje\u0161taja za zaposlenike<\/li>\n\n\n\n<li>aktivnosti promid\u017ebe i vidljivosti projekta<\/li>\n\n\n\n<li>provedba aktivnosti vezanih za horizontalna na\u010dela.<\/li>\n<\/ul>\n\n\n\n<p>Dopu\u0161teno je prijaviti sudjelovanje na najvi\u0161e&nbsp;<strong>\u010detiri sajma<\/strong>&nbsp;po projektnom prijedlogu.<\/p>\n\n\n\n<p><strong>Tko se mo\u017ee prijaviti?<\/strong><\/p>\n\n\n\n<p>Na poziv se mogu prijaviti mikro, mala i srednja poduze\u0107a, uklju\u010duju\u0107i i obrtnike, registrirani u Republici Hrvatskoj.<\/p>\n\n\n\n<p><strong>Iznosi i intenzitet potpore<\/strong><\/p>\n\n\n\n<ul class=\"wp-block-list\">\n<li><strong>Minimalni iznos potpore:<\/strong>\u00a06.000 EUR<\/li>\n\n\n\n<li><strong>Maksimalni iznos:<\/strong>\u00a0120.000 EUR<\/li>\n\n\n\n<li><strong>Intenzitet sufinanciranja:<\/strong>\n<ul class=\"wp-block-list\">\n<li>do\u00a0<strong>75%<\/strong>\u00a0prihvatljivih tro\u0161kova za mikro i male poduzetnike,<\/li>\n\n\n\n<li>do\u00a0<strong>60%<\/strong>\u00a0za srednje poduzetnike.<\/li>\n<\/ul>\n<\/li>\n<\/ul>\n\n\n\n<p>Poziv \u201e Potpora MSP-ovima za internacionalizaciju \u201c provodi se putem otvorenog postupka dodjele u modalitetu trajnog poziva. Datum po\u010detka zaprimanja projektnih prijava je 1. srpnja 2025. godine u 11:00 sati, a projektni prijedlozi \u0107e se zaprimati do iskori\u0161tenja raspolo\u017eivih sredstava za predmetni Poziv, a najkasnije do 30. prosinca 2026. u 14:00 sati.<\/p>\n\n\n\n<p>Vi\u0161e na <a href=\"https:\/\/eufondovi.gov.hr\/poziv\/?id=7ad95d62-b961-4bee-b8e8-929d1d1a276a\" target=\"_blank\" rel=\"noopener\">poveznici<\/a>.<\/p>","protected":false},"excerpt":{"rendered":"<p>Ministarstvo gospodarstva objavilo je Poziv na dodjelu bespovratnih sredstava \u201ePotpora MSP-ovima za internacionalizaciju\u201c&nbsp;(referentni broj:&nbsp;PK.1.3.10.), usmjeren na ja\u010danje nastupa hrvatskih obrtnika i poduzetnika na inozemnim tr\u017ei\u0161tima. Cilj Poziva je ja\u010danje me\u0111unarodne konkurentnosti MSP-ova olak\u0161avanjem njihova sudjelovanja na me\u0111unarodnim sajmovima, s ciljem predstavljanja njihovih proizvoda i\/ili usluga me\u0111unarodnoj poslovnoj zajednici u inozemstvu te uvo\u0111enja proizvoda na nova, [&hellip;]<\/p>","protected":false},"author":1,"featured_media":12022,"comment_status":"closed","ping_status":"closed","sticky":false,"template":"","format":"standard","meta":{"_et_pb_use_builder":"","_et_pb_old_content":"","_et_gb_content_width":"","footnotes":""},"categories":[4,6],"tags":[],"class_list":["post-14127","post","type-post","status-publish","format-standard","has-post-thumbnail","hentry","category-vijesti","category-natjecaji"],"_links":{"self":[{"href":"https:\/\/www.ra-vsz.hr\/en\/wp-json\/wp\/v2\/posts\/14127","targetHints":{"allow":["GET"]}}],"collection":[{"href":"https:\/\/www.ra-vsz.hr\/en\/wp-json\/wp\/v2\/posts"}],"about":[{"href":"https:\/\/www.ra-vsz.hr\/en\/wp-json\/wp\/v2\/types\/post"}],"author":[{"embeddable":true,"href":"https:\/\/www.ra-vsz.hr\/en\/wp-json\/wp\/v2\/users\/1"}],"replies":[{"embeddable":true,"href":"https:\/\/www.ra-vsz.hr\/en\/wp-json\/wp\/v2\/comments?post=14127"}],"version-history":[{"count":1,"href":"https:\/\/www.ra-vsz.hr\/en\/wp-json\/wp\/v2\/posts\/14127\/revisions"}],"predecessor-version":[{"id":14128,"href":"https:\/\/www.ra-vsz.hr\/en\/wp-json\/wp\/v2\/posts\/14127\/revisions\/14128"}],"wp:featuredmedia":[{"embeddable":true,"href":"https:\/\/www.ra-vsz.hr\/en\/wp-json\/wp\/v2\/media\/12022"}],"wp:attachment":[{"href":"https:\/\/www.ra-vsz.hr\/en\/wp-json\/wp\/v2\/media?parent=14127"}],"wp:term":[{"taxonomy":"category","embeddable":true,"href":"https:\/\/www.ra-vsz.hr\/en\/wp-json\/wp\/v2\/categories?post=14127"},{"taxonomy":"post_tag","embeddable":true,"href":"https:\/\/www.ra-vsz.hr\/en\/wp-json\/wp\/v2\/tags?post=14127"}],"curies":[{"name":"wp","href":"https:\/\/api.w.org\/{rel}","templated":true}]}}