{"id":14125,"date":"2025-06-04T05:19:09","date_gmt":"2025-06-04T05:19:09","guid":{"rendered":"https:\/\/www.ra-vsz.hr\/?p=14125"},"modified":"2025-06-04T05:19:12","modified_gmt":"2025-06-04T05:19:12","slug":"objavljen-esf-poziv-ukljucivanje-djece-i-mladih-u-riziku-od-socijalne-iskljucenosti-u-sport","status":"publish","type":"post","link":"https:\/\/www.ra-vsz.hr\/en\/objavljen-esf-poziv-ukljucivanje-djece-i-mladih-u-riziku-od-socijalne-iskljucenosti-u-sport\/","title":{"rendered":"Objavljen ESF + poziv \u201cUklju\u010divanje djece i mladih u riziku od socijalne isklju\u010denosti u sport\u201d"},"content":{"rendered":"<p>Ministarstvo turizma i sporta objavilo je ESF +&nbsp; Poziv \u201e<strong>Uklju\u010divanje djece i mladih u riziku od socijalne isklju\u010denosti u sport\u201c<\/strong>&nbsp;usmjeren ka pobolj\u0161anju pristupa pripadnika ranjivih skupina: djece i mladih u riziku od socijalne isklju\u010denosti (nezaposlenih roditelja, roditelja korisnika dje\u010djeg doplatka, bez odgovaraju\u0107e roditeljske skrbi, samohranih roditelja, iz jednoroditeljskih obitelji, iz obitelji s troje ili vi\u0161e djece), djece s te\u0161ko\u0107ama u razvoju i mladih s invaliditetom te djece i mla\u0111ih punoljetnih osoba s problemima u pona\u0161anju, sportskim i sportsko-rekreativnim aktivnostima.<\/p>\n\n\n\n<p>Provedbom programa sportskih i sportsko-rekreativnih aktivnosti cilj je posti\u0107i \u017eeljene rezultate u pogledu socijalne uklju\u010denosti, odnosno da se stvore<strong>&nbsp;preduvjeti za redovito sudjelovanje djece i mladih u sustavu sporta<\/strong>. Sudjelovanje u sportskim aktivnostima omogu\u0107uje stjecanje va\u017enih \u017eivotnih vje\u0161tina, kao \u0161to su&nbsp;<strong>timski rad, komunikacija i rje\u0161avanje konflikata<\/strong>. Osim toga, bavljenje sportom pobolj\u0161ava fizi\u010dko zdravlje i kondiciju, a redovita tjelesna aktivnost mo\u017ee smanjiti simptome anksioznosti i depresije, pobolj\u0161ati raspolo\u017eenje i potaknuti osje\u0107aj zadovoljstva.<\/p>\n\n\n\n<p>Uz navedeno, kroz odr\u017eavanje edukativnih radionica podi\u0107i \u0107e se svijest o va\u017enosti bavljenja sportskim aktivnostima i zdravim \u017eivotnim navikama. Radionice \u0107e obuhvatiti teme kao \u0161to su fizi\u010dka aktivnost, zdrave navike, timski rad i prednosti sportskog sudjelovanja, s naglaskom na prilagodbu&nbsp;<strong>sadr\u017eaja potrebama djece s te\u0161ko\u0107ama u razvoju, mladih s invaliditetom te djece i mla\u0111ih punoljetnih osoba s problemima u pona\u0161anju<\/strong>.<\/p>\n\n\n\n<p>Osna\u017eivanje sudionika znanjem i vje\u0161tinama koje \u0107e im omogu\u0107iti aktivno sudjelovanje u sportskim i sportsko-rekreativnim aktivnostima potaknut \u0107e ih na dono\u0161enje zdravih odluka u vezi s vlastitim slobodnim vremenom te \u0107e pove\u0107anje svijesti dovesti do ve\u0107e uklju\u010denosti djece i mladih u sport.<\/p>\n\n\n\n<p>Svrha ovog poziva je<strong>&nbsp;pove\u0107anje socijalne uklju\u010denosti ranjivih skupina<\/strong>&nbsp;provedbom programa sportskih i sportsko-rekreativnih aktivnosti.<\/p>\n\n\n\n<ul class=\"wp-block-list\">\n<li>Ukupna bespovratna sredstva:\u00a0<strong>19.000.000,00 \u20ac<\/strong><\/li>\n\n\n\n<li>Minimalni iznos potpore:<strong>\u00a050.000,00 \u20ac<\/strong><\/li>\n\n\n\n<li>Maksimalni iznos potpore:\u00a0<strong>150.000,00 \u20ac<\/strong><\/li>\n<\/ul>\n\n\n\n<p>Prihvatljivi prijavitelji u okviru ovog poziva:<\/p>\n\n\n\n<ol class=\"wp-block-list\">\n<li>\u00a0Udruge upisane u Evidenciju pravnih osoba u sportu<\/li>\n\n\n\n<li>Osnovne i srednje \u0161kole koje imaju osnovano \u0161kolsko sportsko dru\u0161tvo<\/li>\n<\/ol>\n\n\n\n<p>Datum po\u010detka zaprimanja projektnih prijava:&nbsp;<strong>02.07.2025, 09:00<\/strong><\/p>\n\n\n\n<p><strong>Rok za podno\u0161enje projektnih prijava:&nbsp;31.12.2026, 16:00<\/strong><\/p>\n\n\n\n<p>Vi\u0161e informacija o pozivu dostupno je na <a href=\"https:\/\/eufondovi.gov.hr\/poziv\/?id=d8bb1622-7e3b-4645-887c-a8375a63d177\" target=\"_blank\" rel=\"noopener\">poveznici<\/a>.<\/p>","protected":false},"excerpt":{"rendered":"<p>Ministarstvo turizma i sporta objavilo je ESF +&nbsp; Poziv \u201eUklju\u010divanje djece i mladih u riziku od socijalne isklju\u010denosti u sport\u201c&nbsp;usmjeren ka pobolj\u0161anju pristupa pripadnika ranjivih skupina: djece i mladih u riziku od socijalne isklju\u010denosti (nezaposlenih roditelja, roditelja korisnika dje\u010djeg doplatka, bez odgovaraju\u0107e roditeljske skrbi, samohranih roditelja, iz jednoroditeljskih obitelji, iz obitelji s troje ili vi\u0161e [&hellip;]<\/p>","protected":false},"author":1,"featured_media":10982,"comment_status":"closed","ping_status":"closed","sticky":false,"template":"","format":"standard","meta":{"_et_pb_use_builder":"","_et_pb_old_content":"","_et_gb_content_width":"","footnotes":""},"categories":[4,6],"tags":[],"class_list":["post-14125","post","type-post","status-publish","format-standard","has-post-thumbnail","hentry","category-vijesti","category-natjecaji"],"_links":{"self":[{"href":"https:\/\/www.ra-vsz.hr\/en\/wp-json\/wp\/v2\/posts\/14125","targetHints":{"allow":["GET"]}}],"collection":[{"href":"https:\/\/www.ra-vsz.hr\/en\/wp-json\/wp\/v2\/posts"}],"about":[{"href":"https:\/\/www.ra-vsz.hr\/en\/wp-json\/wp\/v2\/types\/post"}],"author":[{"embeddable":true,"href":"https:\/\/www.ra-vsz.hr\/en\/wp-json\/wp\/v2\/users\/1"}],"replies":[{"embeddable":true,"href":"https:\/\/www.ra-vsz.hr\/en\/wp-json\/wp\/v2\/comments?post=14125"}],"version-history":[{"count":1,"href":"https:\/\/www.ra-vsz.hr\/en\/wp-json\/wp\/v2\/posts\/14125\/revisions"}],"predecessor-version":[{"id":14126,"href":"https:\/\/www.ra-vsz.hr\/en\/wp-json\/wp\/v2\/posts\/14125\/revisions\/14126"}],"wp:featuredmedia":[{"embeddable":true,"href":"https:\/\/www.ra-vsz.hr\/en\/wp-json\/wp\/v2\/media\/10982"}],"wp:attachment":[{"href":"https:\/\/www.ra-vsz.hr\/en\/wp-json\/wp\/v2\/media?parent=14125"}],"wp:term":[{"taxonomy":"category","embeddable":true,"href":"https:\/\/www.ra-vsz.hr\/en\/wp-json\/wp\/v2\/categories?post=14125"},{"taxonomy":"post_tag","embeddable":true,"href":"https:\/\/www.ra-vsz.hr\/en\/wp-json\/wp\/v2\/tags?post=14125"}],"curies":[{"name":"wp","href":"https:\/\/api.w.org\/{rel}","templated":true}]}}