{"id":14119,"date":"2025-05-28T07:55:56","date_gmt":"2025-05-28T07:55:56","guid":{"rendered":"https:\/\/www.ra-vsz.hr\/?p=14119"},"modified":"2025-05-28T07:56:00","modified_gmt":"2025-05-28T07:56:00","slug":"objavljen-poziv-na-dostavu-projektnih-prijedloga-unapredenje-zaposljivosti-kroz-strucnu-praksu-u-visokom-obrazovanju","status":"publish","type":"post","link":"https:\/\/www.ra-vsz.hr\/en\/objavljen-poziv-na-dostavu-projektnih-prijedloga-unapredenje-zaposljivosti-kroz-strucnu-praksu-u-visokom-obrazovanju\/","title":{"rendered":"Objavljen Poziv na dostavu projektnih prijedloga &#8220;Unapre\u0111enje zapo\u0161ljivosti kroz stru\u010dnu praksu u visokom obrazovanju&#8221;"},"content":{"rendered":"<p><strong>Ministarstvo znanosti, obrazovanja i mladih<\/strong>&nbsp;objavilo je 27. svibnja 2025. godine Poziv na dostavu projektnih prijedloga SF.2.4.06.08<strong>&nbsp;\u201eUnapre\u0111enje zapo\u0161ljivosti kroz stru\u010dnu praksu u visokom obrazovanju\u201c<\/strong>.<\/p>\n\n\n\n<p><strong>Prihvatljivi prijavitelji&nbsp;<\/strong>u sklopu ovog poziva su javna i privatna visoka u\u010dili\u0161ta upisana u Upisnik visokih u\u010dili\u0161ta u nadle\u017enosti Ministarstva znanosti, obrazovanja i mladih Republike Hrvatske prema Zakonu o visokom obrazovanju i znanstvenoj djelatnosti (NN, br. 119\/2022).<\/p>\n\n\n\n<p>Kako bi se oja\u010dali kapaciteti visokih u\u010dili\u0161ta za pove\u0107anje zapo\u0161ljivosti studenata omogu\u0107avanjem stjecanja prakti\u010dnih vje\u0161tina za rad, ovim pozivom poti\u010de se provedba i evaluacija stru\u010dne prakse kod poslodavca, ja\u010danje djelatnosti karijernog savjetovanja studenata i djelovanja alumni zajednice na visokom u\u010dili\u0161tu, a uz to mogu se ja\u010dati kapaciteti visokih u\u010dili\u0161ta za pripremu i provedbu stru\u010dne prakse te provoditi ostali oblici stjecanja prakti\u010dnih vje\u0161tina kao i ja\u010dati socijalna inkluzija za studente iz podzastupljenih i ranjivih skupina.<\/p>\n\n\n\n<p>Ukupna raspolo\u017eiva financijska sredstva u sklopu ovog poziva na dostavu projektnih prijedloga iznose 24.000.000,00 EUR, od kojih ESF sufinanciranje (85%) iznosi 20.400.000,00 EUR, a nacionalno sufinanciranje (15%) iznosi 3.600.000,00 EUR.<\/p>\n\n\n\n<p>Poziv je otvoren&nbsp;<strong>od 27. svibnja 2025. godine do 12. rujna 2025. godine u 16:00 sati<\/strong>, a datum po\u010detka zaprimanja projektnih prijava je od 28. 5. 2025. od 9:00 sati.Ministarstvo znanosti, obrazovanja i mladih organizirat \u0107e online informativnu radionicu za potencijalne prijavitelje putem aplikacije Zoom.&nbsp;Online informativna radionica odr\u017eat \u0107e se u utorak, 10. lipnja 2025. godine od 10:00 do 12:15 sati.<br>Svrha online informativne radionice je detaljnije informirati potencijalne prijavitelje o ciljevima i uvjetima Poziva te o procedurama za prijavu i procjenu projekata. Sudjelovanje na online informativnoj radionici je besplatno.<br>Za prijavu sudjelovanja potrebno je popuniti&nbsp;<a href=\"https:\/\/docs.google.com\/forms\/d\/e\/1FAIpQLSduCJjtOfXFwL8nnv5lYq_Vx_frNg6k353zd2tRD1BZnX6Mog\/viewform\" target=\"_blank\" rel=\"noreferrer noopener\">Prijavni obrazac<\/a>. U obzir \u0107e se uzimati prijave pristigle do petka, 6. lipnja 2025. u 16:00 sati.<br>Poveznica za pristup radionici bit \u0107e poslana prihvatljivim sudionicima elektroni\u010dkom po\u0161tom najkasnije na dan odr\u017eavanja radionice.<\/p>\n\n\n\n<p>Vi\u0161e informacija:&nbsp;<a href=\"https:\/\/esf.hr\/esfplus\/natjecaji\/obrazovanje\/unapredenje-zaposljivosti-kroz-strucnu-praksu-u-visokom-obrazovanju\/\" target=\"_blank\" rel=\"noreferrer noopener\">https:\/\/esf.hr\/esfplus\/natjecaji\/obrazovanje\/unapredenje-zaposljivosti-kroz-strucnu-praksu-u-visokom-obrazovanju\/<\/a><\/p>","protected":false},"excerpt":{"rendered":"<p>Ministarstvo znanosti, obrazovanja i mladih&nbsp;objavilo je 27. svibnja 2025. godine Poziv na dostavu projektnih prijedloga SF.2.4.06.08&nbsp;\u201eUnapre\u0111enje zapo\u0161ljivosti kroz stru\u010dnu praksu u visokom obrazovanju\u201c. Prihvatljivi prijavitelji&nbsp;u sklopu ovog poziva su javna i privatna visoka u\u010dili\u0161ta upisana u Upisnik visokih u\u010dili\u0161ta u nadle\u017enosti Ministarstva znanosti, obrazovanja i mladih Republike Hrvatske prema Zakonu o visokom obrazovanju i znanstvenoj [&hellip;]<\/p>","protected":false},"author":1,"featured_media":11592,"comment_status":"closed","ping_status":"closed","sticky":false,"template":"","format":"standard","meta":{"_et_pb_use_builder":"","_et_pb_old_content":"","_et_gb_content_width":"","footnotes":""},"categories":[4,6],"tags":[],"class_list":["post-14119","post","type-post","status-publish","format-standard","has-post-thumbnail","hentry","category-vijesti","category-natjecaji"],"_links":{"self":[{"href":"https:\/\/www.ra-vsz.hr\/en\/wp-json\/wp\/v2\/posts\/14119","targetHints":{"allow":["GET"]}}],"collection":[{"href":"https:\/\/www.ra-vsz.hr\/en\/wp-json\/wp\/v2\/posts"}],"about":[{"href":"https:\/\/www.ra-vsz.hr\/en\/wp-json\/wp\/v2\/types\/post"}],"author":[{"embeddable":true,"href":"https:\/\/www.ra-vsz.hr\/en\/wp-json\/wp\/v2\/users\/1"}],"replies":[{"embeddable":true,"href":"https:\/\/www.ra-vsz.hr\/en\/wp-json\/wp\/v2\/comments?post=14119"}],"version-history":[{"count":1,"href":"https:\/\/www.ra-vsz.hr\/en\/wp-json\/wp\/v2\/posts\/14119\/revisions"}],"predecessor-version":[{"id":14120,"href":"https:\/\/www.ra-vsz.hr\/en\/wp-json\/wp\/v2\/posts\/14119\/revisions\/14120"}],"wp:featuredmedia":[{"embeddable":true,"href":"https:\/\/www.ra-vsz.hr\/en\/wp-json\/wp\/v2\/media\/11592"}],"wp:attachment":[{"href":"https:\/\/www.ra-vsz.hr\/en\/wp-json\/wp\/v2\/media?parent=14119"}],"wp:term":[{"taxonomy":"category","embeddable":true,"href":"https:\/\/www.ra-vsz.hr\/en\/wp-json\/wp\/v2\/categories?post=14119"},{"taxonomy":"post_tag","embeddable":true,"href":"https:\/\/www.ra-vsz.hr\/en\/wp-json\/wp\/v2\/tags?post=14119"}],"curies":[{"name":"wp","href":"https:\/\/api.w.org\/{rel}","templated":true}]}}