{"id":14098,"date":"2025-05-19T12:14:54","date_gmt":"2025-05-19T12:14:54","guid":{"rendered":"https:\/\/www.ra-vsz.hr\/?p=14098"},"modified":"2025-05-19T12:14:58","modified_gmt":"2025-05-19T12:14:58","slug":"poziv-za-predlaganje-programa-koji-omogucuju-pristup-i-dostupnost-kulturnih-sadrzaja-za-osobe-s-invaliditetom-i-djecu-i-mlade-s-teskocama-u-razvoju-u-republici-hrvatskoj-u-2025","status":"publish","type":"post","link":"https:\/\/www.ra-vsz.hr\/en\/poziv-za-predlaganje-programa-koji-omogucuju-pristup-i-dostupnost-kulturnih-sadrzaja-za-osobe-s-invaliditetom-i-djecu-i-mlade-s-teskocama-u-razvoju-u-republici-hrvatskoj-u-2025\/","title":{"rendered":"Poziv za predlaganje programa koji omogu\u0107uju pristup i dostupnost kulturnih sadr\u017eaja za osobe s invaliditetom i djecu i mlade s te\u0161ko\u0107ama u razvoju u Republici Hrvatskoj u 2025."},"content":{"rendered":"<p>Ministarstvo kulture i medija Republike Hrvatske objavilo je <strong>Poziv za predlaganje programa koji omogu\u0107uju pristup i dostupnost kulturnih sadr\u017eaja za osobe s invaliditetom i djecu i mlade s te\u0161ko\u0107ama u razvoju u Republici Hrvatskoj u 2025.<\/strong><\/p>\n\n\n\n<p><strong>Op\u0107i cilj Poziva <\/strong>je omogu\u0107avanje pristupa i dostupnosti kulturnih sadr\u017eaja za osobe s invaliditetom te\u00a0 djecu i mlade s te\u0161ko\u0107ama u razvoju.<\/p>\n\n\n\n<p>Sudjelovanje osoba s invaliditetom u kulturnim sadr\u017eajima pridonosi podizanju kvalitete \u017eivota kako tih osoba tako i dru\u0161tva u cjelini. Time se gradi dru\u0161tvena raznolikost, ja\u010daju kapaciteti zajednice, poti\u010de afirmacija kreativnih, umjetni\u010dkih i intelektualnih potencijala te senzibilizira javnost za umjetni\u010dki rad osoba s invaliditetom.<\/p>\n\n\n\n<p>Pravo podno\u0161enja prijave imaju <strong>organizacije civilnog dru\u0161tva <\/strong>(umjetni\u010dke organizacije, zaklade i udruge koje djeluju u podru\u010dju kulture, umjetnosti i socijalne djelatnosti) koje imaju sjedi\u0161te i obavljaju djelatnosti na podru\u010dju Republike Hrvatske.<\/p>\n\n\n\n<p>Financiraju se programi visoke kvalitete i profesionalnih standarda koji osiguravaju ravnopravno sudjelovanje osoba s invaliditetom te djece i mladih s te\u0161ko\u0107ama u razvoju u kulturnim aktivnostima. Programi se mogu odnositi na podru\u010dja vizualnih umjetnosti, audiovizualnih djelatnosti, izvedbenih umjetnosti, knjige i knji\u017eevnosti te kulturne ba\u0161tine.\u00a0<\/p>\n\n\n\n<p>Prijave se zaprimaju od 16. svibnja do 16. lipnja 2025. godine, do 17 sati.\u00a0<\/p>\n\n\n\n<p><\/p>\n\n\n\n<p>Vi\u0161e informacija: <a href=\"https:\/\/min-kulture.gov.hr\/poziv-za-predlaganje-programa-koji-omogucuju-pristup-i-dostupnost-kulturnih-sadrzaja-za-osobe-s-invaliditetom-i-djecu-i-mlade-s-teskocama-u-razvoju-u-republici-hrvatskoj-u-2025-rok-16-lipnja-2025\/27983\" target=\"_blank\" rel=\"noopener\">https:\/\/min-kulture.gov.hr\/poziv-za-predlaganje-programa-koji-omogucuju-pristup-i-dostupnost-kulturnih-sadrzaja-za-osobe-s-invaliditetom-i-djecu-i-mlade-s-teskocama-u-razvoju-u-republici-hrvatskoj-u-2025-rok-16-lipnja-2025\/27983<\/a><\/p>","protected":false},"excerpt":{"rendered":"<p>Ministarstvo kulture i medija Republike Hrvatske objavilo je Poziv za predlaganje programa koji omogu\u0107uju pristup i dostupnost kulturnih sadr\u017eaja za osobe s invaliditetom i djecu i mlade s te\u0161ko\u0107ama u razvoju u Republici Hrvatskoj u 2025. Op\u0107i cilj Poziva je omogu\u0107avanje pristupa i dostupnosti kulturnih sadr\u017eaja za osobe s invaliditetom te\u00a0 djecu i mlade s [&hellip;]<\/p>","protected":false},"author":1,"featured_media":13102,"comment_status":"closed","ping_status":"closed","sticky":false,"template":"","format":"standard","meta":{"_et_pb_use_builder":"","_et_pb_old_content":"","_et_gb_content_width":"","footnotes":""},"categories":[4],"tags":[],"class_list":["post-14098","post","type-post","status-publish","format-standard","has-post-thumbnail","hentry","category-vijesti"],"_links":{"self":[{"href":"https:\/\/www.ra-vsz.hr\/en\/wp-json\/wp\/v2\/posts\/14098","targetHints":{"allow":["GET"]}}],"collection":[{"href":"https:\/\/www.ra-vsz.hr\/en\/wp-json\/wp\/v2\/posts"}],"about":[{"href":"https:\/\/www.ra-vsz.hr\/en\/wp-json\/wp\/v2\/types\/post"}],"author":[{"embeddable":true,"href":"https:\/\/www.ra-vsz.hr\/en\/wp-json\/wp\/v2\/users\/1"}],"replies":[{"embeddable":true,"href":"https:\/\/www.ra-vsz.hr\/en\/wp-json\/wp\/v2\/comments?post=14098"}],"version-history":[{"count":1,"href":"https:\/\/www.ra-vsz.hr\/en\/wp-json\/wp\/v2\/posts\/14098\/revisions"}],"predecessor-version":[{"id":14099,"href":"https:\/\/www.ra-vsz.hr\/en\/wp-json\/wp\/v2\/posts\/14098\/revisions\/14099"}],"wp:featuredmedia":[{"embeddable":true,"href":"https:\/\/www.ra-vsz.hr\/en\/wp-json\/wp\/v2\/media\/13102"}],"wp:attachment":[{"href":"https:\/\/www.ra-vsz.hr\/en\/wp-json\/wp\/v2\/media?parent=14098"}],"wp:term":[{"taxonomy":"category","embeddable":true,"href":"https:\/\/www.ra-vsz.hr\/en\/wp-json\/wp\/v2\/categories?post=14098"},{"taxonomy":"post_tag","embeddable":true,"href":"https:\/\/www.ra-vsz.hr\/en\/wp-json\/wp\/v2\/tags?post=14098"}],"curies":[{"name":"wp","href":"https:\/\/api.w.org\/{rel}","templated":true}]}}