{"id":14095,"date":"2025-05-13T06:04:30","date_gmt":"2025-05-13T06:04:30","guid":{"rendered":"https:\/\/www.ra-vsz.hr\/?p=14095"},"modified":"2025-05-13T06:04:35","modified_gmt":"2025-05-13T06:04:35","slug":"poziv-dionicima-bespovratna-sredstva-europske-komisije-za-novu-generaciju-centara-europe-direct-2026-2030","status":"publish","type":"post","link":"https:\/\/www.ra-vsz.hr\/en\/poziv-dionicima-bespovratna-sredstva-europske-komisije-za-novu-generaciju-centara-europe-direct-2026-2030\/","title":{"rendered":"POZIV DIONICIMA: bespovratna sredstva Europske komisije za novu generaciju centara EUROPE DIRECT 2026. \u2013 2030."},"content":{"rendered":"<p>Europska komisija otvorila je poziv dionicima za prijavu da postanu&nbsp;<strong>centri EUROPE DIRECT<\/strong>&nbsp;Europske komisije za Hrvatsku i rade na provedbi europskih aktivnosti u idu\u0107em petogodi\u0161njem razdoblju. Centri EUROPE DIRECT dio su mre\u017ee Europske komisije koja&nbsp;kroz&nbsp;<strong>informacijske i komunikacijske aktivnosti<\/strong>na terenu pribli\u017eava Europsku uniju gra\u0111ankama i gra\u0111anima&nbsp;te poti\u010de njihovo uklju\u010divanje u javne rasprave o EU-politikama i inicijativama zna\u010dajnim za lokalne sredine.<\/p>\n\n\n\n<p><strong>Najva\u017enije informacije:<\/strong><\/p>\n\n\n\n<ul class=\"wp-block-list\">\n<li>Novo programsko razdoblje mre\u017ee Europe Direct: <strong><u>1. sije\u010dnja 2026. \u2013 31. prosinca 2030.<\/u><\/strong><\/li>\n\n\n\n<li>Godi\u0161nji doprinos EU-a po centru:\u00a0<strong>37. 000 EUR<\/strong><\/li>\n\n\n\n<li>Sufinanciranje:\u00a0<strong>obvezno, ali bez propisanog postotka<\/strong><\/li>\n\n\n\n<li>Tehni\u010dki sadr\u017eaj prijedloga:\u00a0<strong>petogodi\u0161nja komunikacijska strategija i godi\u0161nji komunikacijski plan za 2026. godinu<\/strong><\/li>\n\n\n\n<li>Podno\u0161enje prijedloga:\u00a0<strong>putem<\/strong>\u00a0<strong>elektroni\u010dkog sustava za podno\u0161enje<\/strong>\u00a0<strong>na portalu Funding &amp; Tenders<\/strong><\/li>\n\n\n\n<li>Rok za podno\u0161enje:\u00a0<strong><u>31. srpnja 2025. u 17:00<\/u> sati po srednjoeuropskom vremenu (CET)<\/strong>\u00a0<\/li>\n<\/ul>\n\n\n\n<p><strong>Tko se mo\u017ee prijaviti?<\/strong><\/p>\n\n\n\n<p>Podnositelji prijave moraju biti pravne osobe s poslovnim nastanom u Hrvatskoj, iz jedne od sljede\u0107ih kategorija:<\/p>\n\n\n\n<ul class=\"wp-block-list\">\n<li>javno tijelo, kao \u0161to je op\u0107ina ili druga razina lokalne\/regionalne vlasti<\/li>\n\n\n\n<li>privatno tijelo koje pru\u017ea javne usluge<\/li>\n\n\n\n<li>savez\/udru\u017eenje lokalnih tijela neprofitna organizacija udruge i zaklade<\/li>\n\n\n\n<li>organizacije civilnog dru\u0161tva<\/li>\n\n\n\n<li>socijalni partneri<\/li>\n\n\n\n<li>ustanova za obrazovanje ili stru\u010dno usavr\u0161avanje.<\/li>\n<\/ul>\n\n\n\n<p>Fizi\u010dke osobe ne mogu se prijaviti na ovaj poziv.<\/p>\n\n\n\n<p><\/p>\n\n\n\n<p>Vi\u0161e informacija na <a href=\"https:\/\/eufondovi.gov.hr\/poziv-dionicima-bespovratna-sredstva-europske-komisije-za-novu-generaciju-centara-europe-direct-2026-2030-rok-za-prijave-31-7-2025\/\" target=\"_blank\" rel=\"noopener\">poveznici<\/a>.<\/p>","protected":false},"excerpt":{"rendered":"<p>Europska komisija otvorila je poziv dionicima za prijavu da postanu&nbsp;centri EUROPE DIRECT&nbsp;Europske komisije za Hrvatsku i rade na provedbi europskih aktivnosti u idu\u0107em petogodi\u0161njem razdoblju. Centri EUROPE DIRECT dio su mre\u017ee Europske komisije koja&nbsp;kroz&nbsp;informacijske i komunikacijske aktivnostina terenu pribli\u017eava Europsku uniju gra\u0111ankama i gra\u0111anima&nbsp;te poti\u010de njihovo uklju\u010divanje u javne rasprave o EU-politikama i inicijativama zna\u010dajnim [&hellip;]<\/p>","protected":false},"author":1,"featured_media":13946,"comment_status":"closed","ping_status":"closed","sticky":false,"template":"","format":"standard","meta":{"_et_pb_use_builder":"","_et_pb_old_content":"","_et_gb_content_width":"","footnotes":""},"categories":[4,6],"tags":[],"class_list":["post-14095","post","type-post","status-publish","format-standard","has-post-thumbnail","hentry","category-vijesti","category-natjecaji"],"_links":{"self":[{"href":"https:\/\/www.ra-vsz.hr\/en\/wp-json\/wp\/v2\/posts\/14095","targetHints":{"allow":["GET"]}}],"collection":[{"href":"https:\/\/www.ra-vsz.hr\/en\/wp-json\/wp\/v2\/posts"}],"about":[{"href":"https:\/\/www.ra-vsz.hr\/en\/wp-json\/wp\/v2\/types\/post"}],"author":[{"embeddable":true,"href":"https:\/\/www.ra-vsz.hr\/en\/wp-json\/wp\/v2\/users\/1"}],"replies":[{"embeddable":true,"href":"https:\/\/www.ra-vsz.hr\/en\/wp-json\/wp\/v2\/comments?post=14095"}],"version-history":[{"count":1,"href":"https:\/\/www.ra-vsz.hr\/en\/wp-json\/wp\/v2\/posts\/14095\/revisions"}],"predecessor-version":[{"id":14096,"href":"https:\/\/www.ra-vsz.hr\/en\/wp-json\/wp\/v2\/posts\/14095\/revisions\/14096"}],"wp:featuredmedia":[{"embeddable":true,"href":"https:\/\/www.ra-vsz.hr\/en\/wp-json\/wp\/v2\/media\/13946"}],"wp:attachment":[{"href":"https:\/\/www.ra-vsz.hr\/en\/wp-json\/wp\/v2\/media?parent=14095"}],"wp:term":[{"taxonomy":"category","embeddable":true,"href":"https:\/\/www.ra-vsz.hr\/en\/wp-json\/wp\/v2\/categories?post=14095"},{"taxonomy":"post_tag","embeddable":true,"href":"https:\/\/www.ra-vsz.hr\/en\/wp-json\/wp\/v2\/tags?post=14095"}],"curies":[{"name":"wp","href":"https:\/\/api.w.org\/{rel}","templated":true}]}}