{"id":14083,"date":"2025-05-09T11:46:06","date_gmt":"2025-05-09T11:46:06","guid":{"rendered":"https:\/\/www.ra-vsz.hr\/?p=14083"},"modified":"2025-05-09T11:46:13","modified_gmt":"2025-05-09T11:46:13","slug":"ra-vsz-sudjelovala-na-sajmu-eu-projekata-na-orionu","status":"publish","type":"post","link":"https:\/\/www.ra-vsz.hr\/en\/ra-vsz-sudjelovala-na-sajmu-eu-projekata-na-orionu\/","title":{"rendered":"RA VS\u017d sudjelovala na Sajmu EU projekata na Orionu"},"content":{"rendered":"<p>Danas, 9. svibnja 2025. godine, <strong>Vukovar-Srijem County Development Agency<\/strong> sudjelovala je na<strong> Sajmu EU projekata odr\u017eanom na Orionu<\/strong>, na vinkova\u010dkom korzu.<\/p>\n\n\n\n<p>Ovaj doga\u0111aj okupio je brojne sudionike iz cijele regije te predstavnike institucija, organizacija i projektnih timova koji aktivno sudjeluju u provedbi i promicanju europskih projekata. Posjetitelji su imali jedinstvenu priliku detaljnije se upoznati s aktualnim EU projektima koji izravno doprinose unapre\u0111enju kvalitete \u017eivota gra\u0111ana, razvoju infrastrukture, podizanju razine obrazovanja, ja\u010danju gospodarstva te o\u010duvanju okoli\u0161a u na\u0161oj \u017eupaniji.<\/p>\n\n\n\n<p>Tako\u0111er, zainteresirani su mogli dobiti korisne informacije o trenutno otvorenim pozivima za prijavu projekata, mogu\u0107nostima financiranja iz fondova Europske unije te na\u010dinu uklju\u010divanja u budu\u0107e projektne aktivnosti. Direktna komunikacija s predstavnicima projekata omogu\u0107ila je bolje razumijevanje konkretnih koristi i potencijala koje europski projekti donose lokalnoj zajednici.<\/p>\n\n\n\n<p>Sajam je jo\u0161 jednom pokazao koliko su va\u017eni me\u0111usobna suradnja, razmjena znanja i zajedni\u010dki rad na projektima koji stvaraju pozitivne promjene i osna\u017euju razvoj na\u0161eg kraja.<\/p>\n\n\n\n<p>Razvojna agencija Vukovarsko-srijemske \u017eupanije zahvaljuje svim partnerima, sudionicima i posjetiteljima koji su svojim dolaskom i anga\u017emanom pridonijeli uspjehu ovog inspirativnog i korisnog doga\u0111aja.<\/p>\n\n\n\n<p><\/p>\n\n\n\n<figure class=\"wp-block-gallery has-nested-images columns-default is-cropped wp-block-gallery-1 is-layout-flex wp-block-gallery-is-layout-flex\">\n<figure class=\"wp-block-image size-large\"><img loading=\"lazy\" decoding=\"async\" width=\"768\" height=\"1024\" data-id=\"14088\" src=\"https:\/\/www.ra-vsz.hr\/wp-content\/uploads\/2025\/05\/20250509_094111-768x1024.jpg\" alt=\"\" class=\"wp-image-14088\"\/><\/figure>\n\n\n\n<figure class=\"wp-block-image size-large\"><img loading=\"lazy\" decoding=\"async\" width=\"1024\" height=\"768\" data-id=\"14087\" src=\"https:\/\/www.ra-vsz.hr\/wp-content\/uploads\/2025\/05\/20250509_094118-1024x768.jpg\" alt=\"\" class=\"wp-image-14087\" srcset=\"https:\/\/www.ra-vsz.hr\/wp-content\/uploads\/2025\/05\/20250509_094118-980x735.jpg 980w, https:\/\/www.ra-vsz.hr\/wp-content\/uploads\/2025\/05\/20250509_094118-480x360.jpg 480w\" sizes=\"(min-width: 0px) and (max-width: 480px) 480px, (min-width: 481px) and (max-width: 980px) 980px, (min-width: 981px) 1024px, 100vw\" \/><\/figure>\n\n\n\n<figure class=\"wp-block-image size-large\"><img loading=\"lazy\" decoding=\"async\" width=\"1024\" height=\"768\" data-id=\"14089\" src=\"https:\/\/www.ra-vsz.hr\/wp-content\/uploads\/2025\/05\/20250509_094129-1024x768.jpg\" alt=\"\" class=\"wp-image-14089\" srcset=\"https:\/\/www.ra-vsz.hr\/wp-content\/uploads\/2025\/05\/20250509_094129-980x735.jpg 980w, https:\/\/www.ra-vsz.hr\/wp-content\/uploads\/2025\/05\/20250509_094129-480x360.jpg 480w\" sizes=\"(min-width: 0px) and (max-width: 480px) 480px, (min-width: 481px) and (max-width: 980px) 980px, (min-width: 981px) 1024px, 100vw\" \/><\/figure>\n\n\n\n<figure class=\"wp-block-image size-large\"><img loading=\"lazy\" decoding=\"async\" width=\"1024\" height=\"685\" data-id=\"14086\" src=\"https:\/\/www.ra-vsz.hr\/wp-content\/uploads\/2025\/05\/viber_slika_2025-05-09_11-49-04-198-1024x685.jpg\" alt=\"\" class=\"wp-image-14086\" srcset=\"https:\/\/www.ra-vsz.hr\/wp-content\/uploads\/2025\/05\/viber_slika_2025-05-09_11-49-04-198-980x655.jpg 980w, https:\/\/www.ra-vsz.hr\/wp-content\/uploads\/2025\/05\/viber_slika_2025-05-09_11-49-04-198-480x321.jpg 480w\" sizes=\"(min-width: 0px) and (max-width: 480px) 480px, (min-width: 481px) and (max-width: 980px) 980px, (min-width: 981px) 1024px, 100vw\" \/><\/figure>\n\n\n\n<figure class=\"wp-block-image size-large\"><img loading=\"lazy\" decoding=\"async\" width=\"1024\" height=\"576\" data-id=\"14085\" src=\"https:\/\/www.ra-vsz.hr\/wp-content\/uploads\/2025\/05\/viber_slika_2025-05-09_12-42-17-010-1024x576.jpg\" alt=\"\" class=\"wp-image-14085\" srcset=\"https:\/\/www.ra-vsz.hr\/wp-content\/uploads\/2025\/05\/viber_slika_2025-05-09_12-42-17-010-980x551.jpg 980w, https:\/\/www.ra-vsz.hr\/wp-content\/uploads\/2025\/05\/viber_slika_2025-05-09_12-42-17-010-480x270.jpg 480w\" sizes=\"(min-width: 0px) and (max-width: 480px) 480px, (min-width: 481px) and (max-width: 980px) 980px, (min-width: 981px) 1024px, 100vw\" \/><\/figure>\n<\/figure>","protected":false},"excerpt":{"rendered":"<p>Danas, 9. svibnja 2025. godine, Razvojna agencija Vukovarsko-srijemske \u017eupanije sudjelovala je na Sajmu EU projekata odr\u017eanom na Orionu, na vinkova\u010dkom korzu. Ovaj doga\u0111aj okupio je brojne sudionike iz cijele regije te predstavnike institucija, organizacija i projektnih timova koji aktivno sudjeluju u provedbi i promicanju europskih projekata. Posjetitelji su imali jedinstvenu priliku detaljnije se upoznati s [&hellip;]<\/p>","protected":false},"author":1,"featured_media":14084,"comment_status":"closed","ping_status":"closed","sticky":false,"template":"","format":"standard","meta":{"_et_pb_use_builder":"","_et_pb_old_content":"","_et_gb_content_width":"","footnotes":""},"categories":[4],"tags":[],"class_list":["post-14083","post","type-post","status-publish","format-standard","has-post-thumbnail","hentry","category-vijesti"],"_links":{"self":[{"href":"https:\/\/www.ra-vsz.hr\/en\/wp-json\/wp\/v2\/posts\/14083","targetHints":{"allow":["GET"]}}],"collection":[{"href":"https:\/\/www.ra-vsz.hr\/en\/wp-json\/wp\/v2\/posts"}],"about":[{"href":"https:\/\/www.ra-vsz.hr\/en\/wp-json\/wp\/v2\/types\/post"}],"author":[{"embeddable":true,"href":"https:\/\/www.ra-vsz.hr\/en\/wp-json\/wp\/v2\/users\/1"}],"replies":[{"embeddable":true,"href":"https:\/\/www.ra-vsz.hr\/en\/wp-json\/wp\/v2\/comments?post=14083"}],"version-history":[{"count":1,"href":"https:\/\/www.ra-vsz.hr\/en\/wp-json\/wp\/v2\/posts\/14083\/revisions"}],"predecessor-version":[{"id":14090,"href":"https:\/\/www.ra-vsz.hr\/en\/wp-json\/wp\/v2\/posts\/14083\/revisions\/14090"}],"wp:featuredmedia":[{"embeddable":true,"href":"https:\/\/www.ra-vsz.hr\/en\/wp-json\/wp\/v2\/media\/14084"}],"wp:attachment":[{"href":"https:\/\/www.ra-vsz.hr\/en\/wp-json\/wp\/v2\/media?parent=14083"}],"wp:term":[{"taxonomy":"category","embeddable":true,"href":"https:\/\/www.ra-vsz.hr\/en\/wp-json\/wp\/v2\/categories?post=14083"},{"taxonomy":"post_tag","embeddable":true,"href":"https:\/\/www.ra-vsz.hr\/en\/wp-json\/wp\/v2\/tags?post=14083"}],"curies":[{"name":"wp","href":"https:\/\/api.w.org\/{rel}","templated":true}]}}