{"id":14029,"date":"2025-05-06T06:43:15","date_gmt":"2025-05-06T06:43:15","guid":{"rendered":"https:\/\/www.ra-vsz.hr\/?p=14029"},"modified":"2025-05-06T06:43:18","modified_gmt":"2025-05-06T06:43:18","slug":"nastavak-promocije-esf-pozivi-i-mogucnosti-financiranja-u-2025-godini","status":"publish","type":"post","link":"https:\/\/www.ra-vsz.hr\/en\/nastavak-promocije-esf-pozivi-i-mogucnosti-financiranja-u-2025-godini\/","title":{"rendered":"Nastavak promocije ESF+ \u2013 Pozivi i mogu\u0107nosti financiranja u 2025. godini"},"content":{"rendered":"<p>Predstavljanje Programa \u201eU\u010dinkoviti ljudski potencijali 2021.-2027.\u201c u organizaciji Ministarstva rada, mirovinskoga sustava, obitelji i socijalne politike nastavlja se i u drugim gradovima.<\/p>\n\n\n\n<p><strong>9. svibnja 2025. godine<\/strong>&nbsp;promocija \u0107e se odr\u017eati u&nbsp;<strong>Karlovcu<\/strong>, s po\u010detkom u 12:00 sati na lokaciji Velika vije\u0107nica Grada Karlovca, Banjav\u010di\u0107eva 9, 47000 Karlovac \u2013&nbsp;<a href=\"https:\/\/forms.gle\/4xGucnVu9v8tDyoJ7\" target=\"_blank\" rel=\"noopener\">Poveznica na prijavu za sudjelovanje<\/a>,&nbsp;<em>rok za prijavu 8. svibnja 2025. godine<\/em><\/p>\n\n\n\n<p>Vidimo se i&nbsp;<strong>u Senju 12. svibnja 2025. godine<\/strong>, s po\u010detkom u 10:00 sati na lokaciji Tvr\u0111ava Nehaj, Nehajski put 3, 53270 Senj \u2013&nbsp;<a href=\"https:\/\/forms.gle\/3FWkWKPfCthDBqUq6\" target=\"_blank\" rel=\"noopener\">Poveznica na prijavu za sudjelovanje<\/a>,&nbsp;<em>rok za prijavu 8. svibnja 2025. godine<\/em><\/p>\n\n\n\n<p><strong>U Vinkovcima,<\/strong>&nbsp;na lokaciji Poduzetni\u010dkog inkubatora Vinkovci, Dragutina \u017dani\u0107a Karle 16, 32100 Vinkovci,&nbsp;<strong>15. svibnja 2025. godine&nbsp;<\/strong>u 12:00 sati \u2013&nbsp;<a href=\"https:\/\/forms.gle\/WjfNq9NN1TavkyZ77\" target=\"_blank\" rel=\"noopener\">Poveznica na prijavu za sudjelovanje<\/a>,&nbsp;<em>rok za prijavu 13. svibnja 2025. godine&nbsp;<\/em><\/p>","protected":false},"excerpt":{"rendered":"<p>Predstavljanje Programa \u201eU\u010dinkoviti ljudski potencijali 2021.-2027.\u201c u organizaciji Ministarstva rada, mirovinskoga sustava, obitelji i socijalne politike nastavlja se i u drugim gradovima. 9. svibnja 2025. godine&nbsp;promocija \u0107e se odr\u017eati u&nbsp;Karlovcu, s po\u010detkom u 12:00 sati na lokaciji Velika vije\u0107nica Grada Karlovca, Banjav\u010di\u0107eva 9, 47000 Karlovac \u2013&nbsp;Poveznica na prijavu za sudjelovanje,&nbsp;rok za prijavu 8. svibnja 2025. [&hellip;]<\/p>","protected":false},"author":1,"featured_media":13946,"comment_status":"closed","ping_status":"closed","sticky":false,"template":"","format":"standard","meta":{"_et_pb_use_builder":"","_et_pb_old_content":"","_et_gb_content_width":"","footnotes":""},"categories":[4],"tags":[],"class_list":["post-14029","post","type-post","status-publish","format-standard","has-post-thumbnail","hentry","category-vijesti"],"_links":{"self":[{"href":"https:\/\/www.ra-vsz.hr\/en\/wp-json\/wp\/v2\/posts\/14029","targetHints":{"allow":["GET"]}}],"collection":[{"href":"https:\/\/www.ra-vsz.hr\/en\/wp-json\/wp\/v2\/posts"}],"about":[{"href":"https:\/\/www.ra-vsz.hr\/en\/wp-json\/wp\/v2\/types\/post"}],"author":[{"embeddable":true,"href":"https:\/\/www.ra-vsz.hr\/en\/wp-json\/wp\/v2\/users\/1"}],"replies":[{"embeddable":true,"href":"https:\/\/www.ra-vsz.hr\/en\/wp-json\/wp\/v2\/comments?post=14029"}],"version-history":[{"count":1,"href":"https:\/\/www.ra-vsz.hr\/en\/wp-json\/wp\/v2\/posts\/14029\/revisions"}],"predecessor-version":[{"id":14030,"href":"https:\/\/www.ra-vsz.hr\/en\/wp-json\/wp\/v2\/posts\/14029\/revisions\/14030"}],"wp:featuredmedia":[{"embeddable":true,"href":"https:\/\/www.ra-vsz.hr\/en\/wp-json\/wp\/v2\/media\/13946"}],"wp:attachment":[{"href":"https:\/\/www.ra-vsz.hr\/en\/wp-json\/wp\/v2\/media?parent=14029"}],"wp:term":[{"taxonomy":"category","embeddable":true,"href":"https:\/\/www.ra-vsz.hr\/en\/wp-json\/wp\/v2\/categories?post=14029"},{"taxonomy":"post_tag","embeddable":true,"href":"https:\/\/www.ra-vsz.hr\/en\/wp-json\/wp\/v2\/tags?post=14029"}],"curies":[{"name":"wp","href":"https:\/\/api.w.org\/{rel}","templated":true}]}}