{"id":14000,"date":"2025-05-02T06:14:59","date_gmt":"2025-05-02T06:14:59","guid":{"rendered":"https:\/\/www.ra-vsz.hr\/?p=14000"},"modified":"2025-05-02T06:15:06","modified_gmt":"2025-05-02T06:15:06","slug":"svecano-potpisan-ugovor-o-financiranju-prekogranicnog-projekta-izmedu-racinovaca-i-odzaka","status":"publish","type":"post","link":"https:\/\/www.ra-vsz.hr\/en\/svecano-potpisan-ugovor-o-financiranju-prekogranicnog-projekta-izmedu-racinovaca-i-odzaka\/","title":{"rendered":"Sve\u010dano potpisan Ugovor o financiranju prekograni\u010dnog projekta izme\u0111u Ra\u010dinovaca i Od\u017eaka"},"content":{"rendered":"<p>U prostorijama Osnovne \u0161kole \u201eIvan Filipovi\u0107\u201c u Ra\u010dinovcima, 30. travnja 2025. godine, sve\u010dano je<br>potpisan Ugovor o financiranju projekta prekograni\u010dne suradnje pod nazivom \u201eProgram<br>prekograni\u010dne suradnje za obnovu i razvoj Ra\u010dinovaca i Od\u017eaka\u201c.<br>Ugovor su potpisali Osnovna \u0161kola \u201eIvan Filipovi\u0107\u201c kao vode\u0107i partner i \u017dupa Glavosjeka sv. Ivana<br>Krstitelja iz Od\u017eaka kao projektni partner.<\/p>\n\n\n\n<p>Projekt za ja\u010danje lokalnih zajednica i prekograni\u010dne suradnje<br>Projekt ima za cilj obnovu i unaprje\u0111enje klju\u010dne dru\u0161tvene, obrazovne i vjerske infrastrukture u<br>pograni\u010dnim sredinama \u2013 Ra\u010dinovcima (Vukovarsko-srijemska \u017eupanija, RH) i Od\u017eaku (\u017dupanija<br>Posavska, BiH), kroz:<br>\uf0b7 &#8211; Obnovu Pastoralnog centra \u017eupe Glavosjeka sv. Ivana Krstitelja u Od\u017eaku za vjerske,<br>kulturne i dru\u0161tvene aktivnosti<br>\uf0b7 &#8211; Adaptaciju Osnovne \u0161kole \u201eIvan Filipovi\u0107\u201c Ra\u010dinovci \u2013 ure\u0111enje \u010detiri kabineta, zbornice i<br>u\u010dionice<br>\uf0b7 &#8211; Razmjenu iskustava i zajedni\u010dke inicijative izme\u0111u prekograni\u010dnih partnera<br>\uf0b7 &#8211; Unaprje\u0111enje kvalitete \u017eivota, poticanje ostanka mladih i demografsku revitalizaciju<\/p>\n\n\n\n<p>Vrijednost ulaganja i podr\u0161ka zajednice<br>\uf0b7 &#8211; Ukupna vrijednost ulaganja u \u0161kolu: 20.786,05 EUR<br>\u2003\u2003\u25ab Odobreno iz Programa: 11.640,19 EUR<br>\u2003\u2003\u25ab Razliku osigurava Vukovarsko-srijemska \u017eupanija<br>    &#8211; Sredstva za obnovu Pastoralnog centra: 20.482,48 EUR<\/p>\n\n\n\n<p>Projekt je realiziran uz stru\u010dnu podr\u0161ku Razvojne agencije Vukovarsko-srijemske \u017eupanije, koja<br>sudjeluje i u njegovoj provedbi.<\/p>\n\n\n\n<p>Projekt je prijavljen i sufinanciran u okviru Javnog poziva za Program prekograni\u010dne suradnje<br>izme\u0111u Republike Hrvatske i Bosne i Hercegovine za 2025. godinu, koji provodi Ministarstvo<br>regionalnoga razvoja i fondova Europske unije.<\/p>\n\n\n\n<p><br>Vi\u0161e informacija: razvoj.gov.hr \u2013 Javni poziv 2025.<\/p>\n\n\n\n<p><\/p>\n\n\n\n<p>Fotografije preuzete sa <a href=\"https:\/\/os-ifilipovic-racinovci.skole.hr\/\" target=\"_blank\" rel=\"noopener\">https:\/\/os-ifilipovic-racinovci.skole.hr\/<\/a><\/p>\n\n\n\n<figure class=\"wp-block-image size-large\"><img loading=\"lazy\" decoding=\"async\" width=\"1024\" height=\"768\" src=\"https:\/\/www.ra-vsz.hr\/wp-content\/uploads\/2025\/05\/PHOTO-2025-04-30-15-51-18-1024x768.jpg\" alt=\"\" class=\"wp-image-14002\" srcset=\"https:\/\/www.ra-vsz.hr\/wp-content\/uploads\/2025\/05\/PHOTO-2025-04-30-15-51-18-980x735.jpg 980w, https:\/\/www.ra-vsz.hr\/wp-content\/uploads\/2025\/05\/PHOTO-2025-04-30-15-51-18-480x360.jpg 480w\" sizes=\"(min-width: 0px) and (max-width: 480px) 480px, (min-width: 481px) and (max-width: 980px) 980px, (min-width: 981px) 1024px, 100vw\" \/><\/figure>","protected":false},"excerpt":{"rendered":"<p>U prostorijama Osnovne \u0161kole \u201eIvan Filipovi\u0107\u201c u Ra\u010dinovcima, 30. travnja 2025. godine, sve\u010dano jepotpisan Ugovor o financiranju projekta prekograni\u010dne suradnje pod nazivom \u201eProgramprekograni\u010dne suradnje za obnovu i razvoj Ra\u010dinovaca i Od\u017eaka\u201c.Ugovor su potpisali Osnovna \u0161kola \u201eIvan Filipovi\u0107\u201c kao vode\u0107i partner i \u017dupa Glavosjeka sv. IvanaKrstitelja iz Od\u017eaka kao projektni partner. Projekt za ja\u010danje lokalnih zajednica [&hellip;]<\/p>","protected":false},"author":1,"featured_media":14001,"comment_status":"closed","ping_status":"closed","sticky":false,"template":"","format":"standard","meta":{"_et_pb_use_builder":"","_et_pb_old_content":"","_et_gb_content_width":"","footnotes":""},"categories":[4],"tags":[],"class_list":["post-14000","post","type-post","status-publish","format-standard","has-post-thumbnail","hentry","category-vijesti"],"_links":{"self":[{"href":"https:\/\/www.ra-vsz.hr\/en\/wp-json\/wp\/v2\/posts\/14000","targetHints":{"allow":["GET"]}}],"collection":[{"href":"https:\/\/www.ra-vsz.hr\/en\/wp-json\/wp\/v2\/posts"}],"about":[{"href":"https:\/\/www.ra-vsz.hr\/en\/wp-json\/wp\/v2\/types\/post"}],"author":[{"embeddable":true,"href":"https:\/\/www.ra-vsz.hr\/en\/wp-json\/wp\/v2\/users\/1"}],"replies":[{"embeddable":true,"href":"https:\/\/www.ra-vsz.hr\/en\/wp-json\/wp\/v2\/comments?post=14000"}],"version-history":[{"count":1,"href":"https:\/\/www.ra-vsz.hr\/en\/wp-json\/wp\/v2\/posts\/14000\/revisions"}],"predecessor-version":[{"id":14003,"href":"https:\/\/www.ra-vsz.hr\/en\/wp-json\/wp\/v2\/posts\/14000\/revisions\/14003"}],"wp:featuredmedia":[{"embeddable":true,"href":"https:\/\/www.ra-vsz.hr\/en\/wp-json\/wp\/v2\/media\/14001"}],"wp:attachment":[{"href":"https:\/\/www.ra-vsz.hr\/en\/wp-json\/wp\/v2\/media?parent=14000"}],"wp:term":[{"taxonomy":"category","embeddable":true,"href":"https:\/\/www.ra-vsz.hr\/en\/wp-json\/wp\/v2\/categories?post=14000"},{"taxonomy":"post_tag","embeddable":true,"href":"https:\/\/www.ra-vsz.hr\/en\/wp-json\/wp\/v2\/tags?post=14000"}],"curies":[{"name":"wp","href":"https:\/\/api.w.org\/{rel}","templated":true}]}}