{"id":13991,"date":"2025-04-30T07:22:13","date_gmt":"2025-04-30T07:22:13","guid":{"rendered":"https:\/\/www.ra-vsz.hr\/?p=13991"},"modified":"2025-04-30T07:22:16","modified_gmt":"2025-04-30T07:22:16","slug":"jacanje-kapaciteta-organizacija-civilnoga-drustva-za-provedbu-programa-aktivnog-starenja","status":"publish","type":"post","link":"https:\/\/www.ra-vsz.hr\/en\/jacanje-kapaciteta-organizacija-civilnoga-drustva-za-provedbu-programa-aktivnog-starenja\/","title":{"rendered":"Ja\u010danje kapaciteta organizacija civilnoga dru\u0161tva za provedbu programa aktivnog starenja"},"content":{"rendered":"<p>Ured za udruge Vlade Republike Hrvatske objavilo je poziv &#8220;<strong>Ja\u010danje kapaciteta organizacija civilnoga dru\u0161tva za provedbu programa aktivnog starenja<\/strong>&#8221; kojim se \u017eeli doprinijeti ja\u010danju organizacija civilnoga dru\u0161tva u podru\u010dju aktivnog starenja s ciljem pove\u0107anja kvalitete \u017eivota i socijalne uklju\u010denosti starijih osoba.<\/p>\n\n\n\n<p><strong>Prihvatljivi prijavitelji su:&nbsp;<\/strong><\/p>\n\n\n\n<ol class=\"wp-block-list\">\n<li>udruga &#8211; osnovana, registrirana i djeluje sukladno Zakonu o udrugama (NN 74\/14, 70\/17, 98\/19, 151\/22), za koju je iz Registra udruga vidljivo da je registrirana za rad s ciljnom skupinom: OSOBE STARIJE \u017dIVOTNE DOBI i\/ili<\/li>\n\n\n\n<li>zaklada \u2013 osnovana, registrirana i djeluje sukladno Zakonu o zakladama (NN 106\/18, 98\/19,151\/22) te je iz statuta razvidno da jedno od podru\u010dja njezina djelovanja uklju\u010duje rad s osobama starije \u017eivotne dobi i\/ili\u00a0<\/li>\n\n\n\n<li>vjerska zajednica \u2013 registrirana i djeluje sukladno Zakonu o pravnom polo\u017eaju vjerskih zajednica (NN 83\/02) te je iz akta o osnivanju ili temeljnog akta ili drugog jednako vrijednog dokumenta razvidno da jedno od podru\u010dja njezina djelovanja uklju\u010duje rad s osobama starije \u017eivotne dobi i\/ili\u00a0<\/li>\n\n\n\n<li>pravna osoba Katoli\u010dke crkve \u2013 registrirana sukladno Protokolu o na\u010dinu upisa pravnih osoba Katoli\u010dke Crkve (NN 15\/03) te je iz akta o osnivanju ili temeljnog akta ili drugog jednako vrijednog dokumenta razvidno da jedno od podru\u010dja njezina djelovanja uklju\u010duje rad s osobama starije \u017eivotne dobi i\/ili<\/li>\n\n\n\n<li>socijalni partner (sindikat i\/ili udruga sindikata vi\u0161e razine i\/ili udruga poslodavaca i\/ili udruga poslodavaca vi\u0161e razine) \u2013 osnovana, registrirana i djeluje sukladno Zakonu o radu (NN 93\/14, 127\/17, 98\/19, 151\/22, 46\/23, 64\/23) te je iz statuta ili pravila razvidno da jedno od podru\u010dja njihova djelovanja uklju\u010duje rad s osobama starije \u017eivotne dobi i\/ili\u00a0<\/li>\n\n\n\n<li>vije\u0107e nacionalne manjine i\/ili koordinacija vije\u0107a nacionalne manjine &#8211; osnovana, registrirana i djeluje sukladno Ustavnom zakonu o pravima nacionalnih manjina (NN 155\/02, 47\/10, 80\/10, 93\/11, 93\/11) te Zakonu o Registru vije\u0107a, koordinacija vije\u0107a i predstavnika nacionalnih manjina (NN 80\/11, 34\/12, 98\/19) te je iz statuta razvidno da jedno od podru\u010dja njihova djelovanja uklju\u010duje rad s osobama starije \u017eivotne dobi<\/li>\n<\/ol>\n\n\n\n<p><strong>Partneri<\/strong>&nbsp;mogu biti svi prihvatljivi prijavitelji te ustanove socijalne skrbi.<\/p>\n\n\n\n<p><strong>Prihvatljive aktivnosti:<\/strong><\/p>\n\n\n\n<ol class=\"wp-block-list\">\n<li>Aktivnosti i edukacije OCD-a za provedbu programa aktivnog starenja (izobrazbe i studijski posjeti)<\/li>\n\n\n\n<li>\u00a0Provedba razli\u010ditih grupnih aktivnosti kojima se poti\u010de aktivno starenje i cjelo\u017eivotno u\u010denje osoba koje su navr\u0161ile 65 i vi\u0161e godina \u017eivota<\/li>\n\n\n\n<li>Individualna stru\u010dna savjetovanja za osobe starije \u017eivotne dobi<\/li>\n<\/ol>\n\n\n\n<p><strong>Minimalni iznos potpore:<\/strong>&nbsp;100.000,00 \u20ac<br><strong>Maksimalni iznos potpore<\/strong>: 300.000,00 \u20ac<\/p>\n\n\n\n<p><strong>Intenzitet potpore<\/strong>: do 100% prihvatljivih tro\u0161kova&nbsp;<\/p>\n\n\n\n<p><strong>Rok za podno\u0161enje projektnih prijava<\/strong>: 30.06.2025, 23:59<\/p>\n\n\n\n<p>Dodatne informacije mo\u017eete potra\u017eiti&nbsp;<a href=\"https:\/\/eufondovi.gov.hr\/poziv\/?id=8183c266-cf1d-4c82-a4b7-fec1c609f623\" target=\"_blank\" rel=\"noreferrer noopener\">OVDJE.<\/a><\/p>","protected":false},"excerpt":{"rendered":"<p>Ured za udruge Vlade Republike Hrvatske objavilo je poziv &#8220;Ja\u010danje kapaciteta organizacija civilnoga dru\u0161tva za provedbu programa aktivnog starenja&#8221; kojim se \u017eeli doprinijeti ja\u010danju organizacija civilnoga dru\u0161tva u podru\u010dju aktivnog starenja s ciljem pove\u0107anja kvalitete \u017eivota i socijalne uklju\u010denosti starijih osoba. Prihvatljivi prijavitelji su:&nbsp; Partneri&nbsp;mogu biti svi prihvatljivi prijavitelji te ustanove socijalne skrbi. Prihvatljive aktivnosti: [&hellip;]<\/p>","protected":false},"author":1,"featured_media":13946,"comment_status":"closed","ping_status":"closed","sticky":false,"template":"","format":"standard","meta":{"_et_pb_use_builder":"","_et_pb_old_content":"","_et_gb_content_width":"","footnotes":""},"categories":[6,4],"tags":[],"class_list":["post-13991","post","type-post","status-publish","format-standard","has-post-thumbnail","hentry","category-natjecaji","category-vijesti"],"_links":{"self":[{"href":"https:\/\/www.ra-vsz.hr\/en\/wp-json\/wp\/v2\/posts\/13991","targetHints":{"allow":["GET"]}}],"collection":[{"href":"https:\/\/www.ra-vsz.hr\/en\/wp-json\/wp\/v2\/posts"}],"about":[{"href":"https:\/\/www.ra-vsz.hr\/en\/wp-json\/wp\/v2\/types\/post"}],"author":[{"embeddable":true,"href":"https:\/\/www.ra-vsz.hr\/en\/wp-json\/wp\/v2\/users\/1"}],"replies":[{"embeddable":true,"href":"https:\/\/www.ra-vsz.hr\/en\/wp-json\/wp\/v2\/comments?post=13991"}],"version-history":[{"count":1,"href":"https:\/\/www.ra-vsz.hr\/en\/wp-json\/wp\/v2\/posts\/13991\/revisions"}],"predecessor-version":[{"id":13992,"href":"https:\/\/www.ra-vsz.hr\/en\/wp-json\/wp\/v2\/posts\/13991\/revisions\/13992"}],"wp:featuredmedia":[{"embeddable":true,"href":"https:\/\/www.ra-vsz.hr\/en\/wp-json\/wp\/v2\/media\/13946"}],"wp:attachment":[{"href":"https:\/\/www.ra-vsz.hr\/en\/wp-json\/wp\/v2\/media?parent=13991"}],"wp:term":[{"taxonomy":"category","embeddable":true,"href":"https:\/\/www.ra-vsz.hr\/en\/wp-json\/wp\/v2\/categories?post=13991"},{"taxonomy":"post_tag","embeddable":true,"href":"https:\/\/www.ra-vsz.hr\/en\/wp-json\/wp\/v2\/tags?post=13991"}],"curies":[{"name":"wp","href":"https:\/\/api.w.org\/{rel}","templated":true}]}}