{"id":13988,"date":"2025-04-29T06:30:46","date_gmt":"2025-04-29T06:30:46","guid":{"rendered":"https:\/\/www.ra-vsz.hr\/?p=13988"},"modified":"2025-04-29T06:30:50","modified_gmt":"2025-04-29T06:30:50","slug":"promocija-europskog-socijalnog-fonda-plus-esf-najava-dogadanja","status":"publish","type":"post","link":"https:\/\/www.ra-vsz.hr\/en\/promocija-europskog-socijalnog-fonda-plus-esf-najava-dogadanja\/","title":{"rendered":"Promocija Europskog socijalnog fonda plus (ESF+) \u2013 najava doga\u0111anja"},"content":{"rendered":"<p><strong>Promocija Europskog socijalnog fonda plus (ESF+) \u2013 najava doga\u0111anja<\/strong><\/p>\n\n\n\n<p>Ministarstvo rada, mirovinskoga sustava, obitelji i socijalne politike organizira promociju Europskog socijalnog fonda plus (ESF+) tijekom svibnja 2025. godine u nekoliko gradova diljem Hrvatske.<br>Predstavnici nadle\u017enih tijela prezentirat \u0107e planirane pozive i mogu\u0107nosti financiranja za 2025. godinu, uz korisne panel rasprave.<\/p>\n\n\n\n<p>Prva doga\u0111anja:<\/p>\n\n\n\n<ul class=\"wp-block-list\">\n<li><strong>\u0160ibenik<\/strong>\u00a0\u2013 5. svibnja 2025. u 10:00 sati, Adriatic Business Center, kongresna dvorana \u201eKornati\u201c, Narodnog preporoda 4.\u00a0<a href=\"https:\/\/docs.google.com\/forms\/d\/e\/1FAIpQLSdH6iN2IyV-QM4axwgEVr3wdcgSy-Dzn_Shshdf3Wc6AUuzCQ\/viewform\" target=\"_blank\" rel=\"noreferrer noopener\">Poveznica za prijavu<\/a><\/li>\n\n\n\n<li><strong>Zadar<\/strong>\u00a0\u2013 6. svibnja 2025. u 10:00 sati, Novi studentski dom Sveu\u010dili\u0161ta u Zadru, Put stanova 1A.\u00a0<a href=\"https:\/\/docs.google.com\/forms\/d\/e\/1FAIpQLScJ50bVY8-JFx4CsCbWdwRwTkF-KuM-xfXfqPgxNtvqd3pFnQ\/viewform\" target=\"_blank\" rel=\"noreferrer noopener\">Poveznica za prijavu<\/a><\/li>\n<\/ul>\n\n\n\n<p>Broj mjesta je ograni\u010den pa se preporu\u010duje pravovremena prijava.<br>Vi\u0161e informacija o doga\u0111anjima u ostalim gradovima bit \u0107e objavljeno uskoro.<\/p>","protected":false},"excerpt":{"rendered":"<p>Promocija Europskog socijalnog fonda plus (ESF+) \u2013 najava doga\u0111anja Ministarstvo rada, mirovinskoga sustava, obitelji i socijalne politike organizira promociju Europskog socijalnog fonda plus (ESF+) tijekom svibnja 2025. godine u nekoliko gradova diljem Hrvatske.Predstavnici nadle\u017enih tijela prezentirat \u0107e planirane pozive i mogu\u0107nosti financiranja za 2025. godinu, uz korisne panel rasprave. Prva doga\u0111anja: Broj mjesta je ograni\u010den [&hellip;]<\/p>","protected":false},"author":1,"featured_media":11592,"comment_status":"closed","ping_status":"closed","sticky":false,"template":"","format":"standard","meta":{"_et_pb_use_builder":"","_et_pb_old_content":"","_et_gb_content_width":"","footnotes":""},"categories":[4],"tags":[],"class_list":["post-13988","post","type-post","status-publish","format-standard","has-post-thumbnail","hentry","category-vijesti"],"_links":{"self":[{"href":"https:\/\/www.ra-vsz.hr\/en\/wp-json\/wp\/v2\/posts\/13988","targetHints":{"allow":["GET"]}}],"collection":[{"href":"https:\/\/www.ra-vsz.hr\/en\/wp-json\/wp\/v2\/posts"}],"about":[{"href":"https:\/\/www.ra-vsz.hr\/en\/wp-json\/wp\/v2\/types\/post"}],"author":[{"embeddable":true,"href":"https:\/\/www.ra-vsz.hr\/en\/wp-json\/wp\/v2\/users\/1"}],"replies":[{"embeddable":true,"href":"https:\/\/www.ra-vsz.hr\/en\/wp-json\/wp\/v2\/comments?post=13988"}],"version-history":[{"count":1,"href":"https:\/\/www.ra-vsz.hr\/en\/wp-json\/wp\/v2\/posts\/13988\/revisions"}],"predecessor-version":[{"id":13989,"href":"https:\/\/www.ra-vsz.hr\/en\/wp-json\/wp\/v2\/posts\/13988\/revisions\/13989"}],"wp:featuredmedia":[{"embeddable":true,"href":"https:\/\/www.ra-vsz.hr\/en\/wp-json\/wp\/v2\/media\/11592"}],"wp:attachment":[{"href":"https:\/\/www.ra-vsz.hr\/en\/wp-json\/wp\/v2\/media?parent=13988"}],"wp:term":[{"taxonomy":"category","embeddable":true,"href":"https:\/\/www.ra-vsz.hr\/en\/wp-json\/wp\/v2\/categories?post=13988"},{"taxonomy":"post_tag","embeddable":true,"href":"https:\/\/www.ra-vsz.hr\/en\/wp-json\/wp\/v2\/tags?post=13988"}],"curies":[{"name":"wp","href":"https:\/\/api.w.org\/{rel}","templated":true}]}}