{"id":13973,"date":"2025-04-25T12:10:32","date_gmt":"2025-04-25T12:10:32","guid":{"rendered":"https:\/\/www.ra-vsz.hr\/?p=13973"},"modified":"2025-04-25T12:14:01","modified_gmt":"2025-04-25T12:14:01","slug":"poziv-za-prijavu-na-natjecaj-lider-invest-2025","status":"publish","type":"post","link":"https:\/\/www.ra-vsz.hr\/en\/poziv-za-prijavu-na-natjecaj-lider-invest-2025\/","title":{"rendered":"Poziv za prijavu na natje\u010daj Lider invest 2025"},"content":{"rendered":"<p>Poslovni tjednik Lider ima otvoren natje\u010daj za prijavu\u00a0<strong>NAJBOLJIH PROIZVODNIH INVESTICIJA<\/strong>. Nominirati se mogu sve investicije koje su s proizvodnjom po\u010dele u periodu od 1. sije\u010dnja 2022. do 1. sije\u010dnja 2025.<\/p>\n\n\n\n<p>Najbolje \u0107e izabrati stru\u010dni odbor na \u010delu s dr. sc. Mladenom Vedri\u0161em (Visoko u\u010dili\u0161te&nbsp;<em>Effectus<\/em>), doc. dr. sc. Tomislavom Rado\u0161em (HGK), Mladenom Fogecom (Udru\u017eenje stranih ulaga\u010da u Republici Hrvatskoj), Zdenkom Luci\u0107em (Ministarstvo vanjskih i europskih poslova Republike Hrvatske), prof. dr. sc. Marijanom Ivanov (Ekonomski fakultet Sveu\u010dili\u0161ta u Zagrebu), akademikom Bojanom Jerbi\u0107em (Fakultet strojarstva i brodogradnje Sveu\u010dili\u0161ta u Zagrebu), Borisom Te\u0161kim (Instar) i Miodragom \u0160ajatovi\u0107em (Lider media).<\/p>\n\n\n\n<p><strong>Kao i lani, u izboru \u0107e se voditi kriterijima koji se odnose na:<\/strong><\/p>\n\n\n\n<ul class=\"wp-block-list\">\n<li><strong>Udio izvoza<\/strong><\/li>\n\n\n\n<li><strong>Broj novootvorenih radnih mjesta<\/strong><\/li>\n\n\n\n<li><strong>Suvremenost tehnologije<\/strong><\/li>\n<\/ul>\n\n\n\n<p><strong>Kvaliteta prijavljenih investicijskih projekata vrednovat \u0107e se prema:<\/strong><\/p>\n\n\n\n<ul class=\"wp-block-list\">\n<li><strong>Prihodu po zaposlenome<\/strong><\/li>\n\n\n\n<li><strong>Udjelu doma\u0107eg materijala<\/strong><\/li>\n\n\n\n<li><strong>Procjeni stupnja dodane vrijednosti<\/strong><\/li>\n\n\n\n<li><strong>Stupnju finalizacije proizvoda<\/strong><\/li>\n\n\n\n<li><strong>Utjecaju na okolinu \u2013 odr\u017eivosti<\/strong><\/li>\n<\/ul>\n\n\n\n<p><\/p>\n\n\n\n<p>Partneri ovogodi\u0161njeg projekta su Hrvatska banka za obnovu i razvitak, Hrvatska agencija za malo gospodarstvo, inovacije i investicije i Hrvatska zajednica \u017eupanija.<\/p>\n\n\n\n<p><strong>Kao i lani, nagrade se dodjeljuju u kategorijama:<\/strong><\/p>\n\n\n\n<ul class=\"wp-block-list\">\n<li><strong>100% \u00a0Lider invest velika investicija<\/strong>\u00a0(vrijednost investicije ve\u0107a od 19.9\u00a0milijuna eura)<\/li>\n\n\n\n<li><strong>100% \u00a0Lider invest srednja investicija\u00a0<\/strong>(vrijednost investicije izme\u0111u 1.3 milijuna eura\u00a0 i 19.9 milijuna eura)<\/li>\n\n\n\n<li><strong>100 % Lider invest mala investicija\u00a0<\/strong>(vrijednost investicije manja od 1.3 milijuna eura)<\/li>\n<\/ul>\n\n\n\n<p><strong>Osim toga, dodijelit \u0107e se i:<\/strong><\/p>\n\n\n\n<ul class=\"wp-block-list\">\n<li><strong>Special Lider invest \u2013 posebna nagrada stru\u010dnog odbora<\/strong><\/li>\n\n\n\n<li><strong>Export Lider invest za investiciju koja je najvi\u0161e pridonijela izvoz<\/strong><\/li>\n\n\n\n<li><strong>Employee Lider invest za investiciju koja je najvi\u0161e pridonijela zapo\u0161ljavanju te<\/strong><\/li>\n\n\n\n<li><strong>ECO Lider invest za investiciju koja je najvi\u0161e pridonijela odr\u017eivom razvoju i kvaliteti \u017eivota gra\u0111ana te za\u0161titi prostora i okoli\u0161a.<\/strong><\/li>\n<\/ul>\n\n\n\n<p><strong>Lani su trijumfirali:<\/strong><\/p>\n\n\n\n<ul class=\"wp-block-list\">\n<li>Nagrada 100% Lider invest \u2013 velika investicija:\u00a0<strong>JGL<\/strong><\/li>\n\n\n\n<li>Nagrada 100% Lider invest \u2013 srednja investicija:\u00a0<strong>Podravka i EcoCortec<\/strong><\/li>\n\n\n\n<li>Nagrada 100% Lider invest \u2013 mala investicija:\u00a0<strong>Bio ulja<\/strong><\/li>\n<\/ul>\n\n\n\n<p><strong>Uz nagrade za najbolje velike, srednje i male investicije dodijeljeno je i osam posebnih priznanja:<\/strong><\/p>\n\n\n\n<ul class=\"wp-block-list\">\n<li>Priznanje ECO Lider invest 2024:\u00a0<strong>Fema<\/strong><\/li>\n\n\n\n<li>Priznanje Employee Lider invest 2024:<strong>\u00a0JGL<\/strong><\/li>\n\n\n\n<li>Priznanje Export Lider invest 2024:\u00a0<strong>Applied Ceramics<\/strong><\/li>\n\n\n\n<li>Posebno priznanje Slavko Krajcar za tehnolo\u0161ke inovacije:\u00a0<strong>KON\u010cAR<\/strong><\/li>\n\n\n\n<li>Posebna nagrada stru\u010dnog \u017eirija za kontinuirano ulaganje:\u00a0<strong>AD PLASTIK i SAB<\/strong><\/li>\n\n\n\n<li>Posebna nagrada stru\u010dnog \u017eirija za konkurentnost:\u00a0<strong>Prostoria i PIB extra<\/strong><\/li>\n\n\n\n<li>Posebna nagrada stru\u010dnog \u017eirija za energetsku u\u010dinkovitost:\u00a0<strong>RASCO<\/strong><\/li>\n\n\n\n<li>Posebna nagrada stru\u010dnog \u017eirija za za\u0161titu okoli\u0161a i odr\u017eivi razvoj:<strong>\u00a0KB<\/strong><\/li>\n\n\n\n<li>Posebna nagrada stru\u010dnog \u017eirija za poticanje regionalnog razvoja:\u00a0<strong>BIOGAL<\/strong><\/li>\n<\/ul>\n\n\n\n<p>Obrazac za prijavu investicija potra\u017eite na&nbsp;<a href=\"https:\/\/lider.events\/investicijska-konferencija\/\" rel=\"noreferrer noopener\" target=\"_blank\"><strong>slu\u017ebenoj stranici projekta<\/strong><\/a>. Ovom obrascu mo\u017ee se prilo\u017eiti sva dokumentacija koja se smatra va\u017enom, a koja na jednostavan na\u010din poja\u0161njava, ilustrira ili dokazuje u\u010dinak projekta (fotografije, video, tekst).<\/p>\n\n\n\n<p>Mo\u017ee se nominirati vi\u0161e investicija, ali je za svaku potrebno ispuniti zaseban obrazac.<\/p>\n\n\n\n<p>Natje\u010daj je otvoren do\u00a0<strong>15.5.2025.<\/strong>\u00a0<\/p>\n\n\n\n<p>Popunjeni obrazac \u0161alje se na:&nbsp;<a href=\"mailto:liderinvest@lidermedia.hr\" rel=\"noreferrer noopener\" target=\"_blank\"><strong>liderinvest@lidermedia.hr<\/strong><\/a><\/p>\n\n\n\n<p>Vi\u0161e informacija na <a href=\"https:\/\/lider.events\/investicijska-konferencija\/\" target=\"_blank\" rel=\"noopener\">poveznici<\/a>.<\/p>","protected":false},"excerpt":{"rendered":"<p>Poslovni tjednik Lider ima otvoren natje\u010daj za prijavu\u00a0NAJBOLJIH PROIZVODNIH INVESTICIJA. Nominirati se mogu sve investicije koje su s proizvodnjom po\u010dele u periodu od 1. sije\u010dnja 2022. do 1. sije\u010dnja 2025. Najbolje \u0107e izabrati stru\u010dni odbor na \u010delu s dr. sc. Mladenom Vedri\u0161em (Visoko u\u010dili\u0161te&nbsp;Effectus), doc. dr. sc. Tomislavom Rado\u0161em (HGK), Mladenom Fogecom (Udru\u017eenje stranih ulaga\u010da [&hellip;]<\/p>","protected":false},"author":1,"featured_media":13974,"comment_status":"closed","ping_status":"closed","sticky":false,"template":"","format":"standard","meta":{"_et_pb_use_builder":"","_et_pb_old_content":"","_et_gb_content_width":"","footnotes":""},"categories":[4,6],"tags":[],"class_list":["post-13973","post","type-post","status-publish","format-standard","has-post-thumbnail","hentry","category-vijesti","category-natjecaji"],"_links":{"self":[{"href":"https:\/\/www.ra-vsz.hr\/en\/wp-json\/wp\/v2\/posts\/13973","targetHints":{"allow":["GET"]}}],"collection":[{"href":"https:\/\/www.ra-vsz.hr\/en\/wp-json\/wp\/v2\/posts"}],"about":[{"href":"https:\/\/www.ra-vsz.hr\/en\/wp-json\/wp\/v2\/types\/post"}],"author":[{"embeddable":true,"href":"https:\/\/www.ra-vsz.hr\/en\/wp-json\/wp\/v2\/users\/1"}],"replies":[{"embeddable":true,"href":"https:\/\/www.ra-vsz.hr\/en\/wp-json\/wp\/v2\/comments?post=13973"}],"version-history":[{"count":3,"href":"https:\/\/www.ra-vsz.hr\/en\/wp-json\/wp\/v2\/posts\/13973\/revisions"}],"predecessor-version":[{"id":13978,"href":"https:\/\/www.ra-vsz.hr\/en\/wp-json\/wp\/v2\/posts\/13973\/revisions\/13978"}],"wp:featuredmedia":[{"embeddable":true,"href":"https:\/\/www.ra-vsz.hr\/en\/wp-json\/wp\/v2\/media\/13974"}],"wp:attachment":[{"href":"https:\/\/www.ra-vsz.hr\/en\/wp-json\/wp\/v2\/media?parent=13973"}],"wp:term":[{"taxonomy":"category","embeddable":true,"href":"https:\/\/www.ra-vsz.hr\/en\/wp-json\/wp\/v2\/categories?post=13973"},{"taxonomy":"post_tag","embeddable":true,"href":"https:\/\/www.ra-vsz.hr\/en\/wp-json\/wp\/v2\/tags?post=13973"}],"curies":[{"name":"wp","href":"https:\/\/api.w.org\/{rel}","templated":true}]}}