{"id":12762,"date":"2024-05-31T06:36:52","date_gmt":"2024-05-31T06:36:52","guid":{"rendered":"https:\/\/www.ra-vsz.hr\/?p=12762"},"modified":"2024-05-31T06:36:54","modified_gmt":"2024-05-31T06:36:54","slug":"webinari-za-hrvatske-prijavitelje-o-novim-natjecajima-za-misije-eu-a","status":"publish","type":"post","link":"https:\/\/www.ra-vsz.hr\/en\/webinari-za-hrvatske-prijavitelje-o-novim-natjecajima-za-misije-eu-a\/","title":{"rendered":"Webinari za hrvatske prijavitelje o novim natje\u010dajima za misije EU-a"},"content":{"rendered":"<p>U organizaciji Agencije za mobilnost i programe EU i Ministarstva znanosti, obrazovanja i mladih,&nbsp;<strong>od 10. do 19. 6. 2024. godine<\/strong>&nbsp;odr\u017eat \u0107e se&nbsp;<strong>webinari&nbsp;<\/strong>za hrvatske prijavitelje&nbsp;<strong>o novim natje\u010dajima u 2024<\/strong>. godini za<strong>&nbsp;misije EU-a programa Obzor Europa.<\/strong><\/p>\n\n\n\n<ul class=\"wp-block-list\">\n<li>10. 6. Misija Prilagodba klimatskim promjenama<\/li>\n\n\n\n<li>12. 6. Misija Tlo<\/li>\n\n\n\n<li>14. 6. Misija Rak<\/li>\n\n\n\n<li>17. 6. Misija Ocean i vode<\/li>\n\n\n\n<li>19. 6. Novi europski Bauhaus i me\u0111usektorske teme\u00a0<\/li>\n\n\n\n<li>Natje\u010daji za misiju Pametni gradovi bit \u0107e predstavljeni na webinaru na jesen 2024.\u00a0<\/li>\n<\/ul>\n\n\n\n<p>Detaljan program webinara bit \u0107e dostupan uskoro na mre\u017enoj stranici&nbsp;<a href=\"https:\/\/obzoreuropa.us14.list-manage.com\/track\/click?u=8a8f54fd5ed1debc2b29abcbf&amp;id=e8f96a79b2&amp;e=fdde086438\" target=\"_blank\" rel=\"noreferrer noopener\">obzoreuropa.hr<\/a>, a&nbsp;<strong>na webinare se mo\u017eete prijaviti putem poveznice:&nbsp;<\/strong><a href=\"https:\/\/obzoreuropa.us14.list-manage.com\/track\/click?u=8a8f54fd5ed1debc2b29abcbf&amp;id=ea9133dce2&amp;e=fdde086438\" target=\"_blank\" rel=\"noreferrer noopener\"><strong>https:\/\/forms.office.com\/e\/3PgKPy6xup<\/strong><\/a><br><br>Nove natje\u010daje za misije EU-a programa Obzor Europa u 2024. koji \u0107e biti predstavljeni na webinarima mo\u017eete prona\u0107i&nbsp;<a href=\"https:\/\/obzoreuropa.us14.list-manage.com\/track\/click?u=8a8f54fd5ed1debc2b29abcbf&amp;id=729bf66dd0&amp;e=fdde086438\" target=\"_blank\" rel=\"noreferrer noopener\">OVDJE<\/a>.<\/p>","protected":false},"excerpt":{"rendered":"<p>U organizaciji Agencije za mobilnost i programe EU i Ministarstva znanosti, obrazovanja i mladih,&nbsp;od 10. do 19. 6. 2024. godine&nbsp;odr\u017eat \u0107e se&nbsp;webinari&nbsp;za hrvatske prijavitelje&nbsp;o novim natje\u010dajima u 2024. godini za&nbsp;misije EU-a programa Obzor Europa. Detaljan program webinara bit \u0107e dostupan uskoro na mre\u017enoj stranici&nbsp;obzoreuropa.hr, a&nbsp;na webinare se mo\u017eete prijaviti putem poveznice:&nbsp;https:\/\/forms.office.com\/e\/3PgKPy6xup Nove natje\u010daje za misije [&hellip;]<\/p>","protected":false},"author":1,"featured_media":12763,"comment_status":"closed","ping_status":"closed","sticky":false,"template":"","format":"standard","meta":{"_et_pb_use_builder":"","_et_pb_old_content":"","_et_gb_content_width":"","footnotes":""},"categories":[4],"tags":[],"class_list":["post-12762","post","type-post","status-publish","format-standard","has-post-thumbnail","hentry","category-vijesti"],"_links":{"self":[{"href":"https:\/\/www.ra-vsz.hr\/en\/wp-json\/wp\/v2\/posts\/12762","targetHints":{"allow":["GET"]}}],"collection":[{"href":"https:\/\/www.ra-vsz.hr\/en\/wp-json\/wp\/v2\/posts"}],"about":[{"href":"https:\/\/www.ra-vsz.hr\/en\/wp-json\/wp\/v2\/types\/post"}],"author":[{"embeddable":true,"href":"https:\/\/www.ra-vsz.hr\/en\/wp-json\/wp\/v2\/users\/1"}],"replies":[{"embeddable":true,"href":"https:\/\/www.ra-vsz.hr\/en\/wp-json\/wp\/v2\/comments?post=12762"}],"version-history":[{"count":1,"href":"https:\/\/www.ra-vsz.hr\/en\/wp-json\/wp\/v2\/posts\/12762\/revisions"}],"predecessor-version":[{"id":12764,"href":"https:\/\/www.ra-vsz.hr\/en\/wp-json\/wp\/v2\/posts\/12762\/revisions\/12764"}],"wp:featuredmedia":[{"embeddable":true,"href":"https:\/\/www.ra-vsz.hr\/en\/wp-json\/wp\/v2\/media\/12763"}],"wp:attachment":[{"href":"https:\/\/www.ra-vsz.hr\/en\/wp-json\/wp\/v2\/media?parent=12762"}],"wp:term":[{"taxonomy":"category","embeddable":true,"href":"https:\/\/www.ra-vsz.hr\/en\/wp-json\/wp\/v2\/categories?post=12762"},{"taxonomy":"post_tag","embeddable":true,"href":"https:\/\/www.ra-vsz.hr\/en\/wp-json\/wp\/v2\/tags?post=12762"}],"curies":[{"name":"wp","href":"https:\/\/api.w.org\/{rel}","templated":true}]}}