{"id":11365,"date":"2023-03-07T07:19:50","date_gmt":"2023-03-07T07:19:50","guid":{"rendered":"https:\/\/www.ra-vsz.hr\/?p=11365"},"modified":"2023-03-07T07:19:53","modified_gmt":"2023-03-07T07:19:53","slug":"program-potpora-unapredenja-poljoprivrede-i-ruralnog-podrucja-vukovarsko-srijemske-zupanije-za-2023-2027","status":"publish","type":"post","link":"https:\/\/www.ra-vsz.hr\/en\/program-potpora-unapredenja-poljoprivrede-i-ruralnog-podrucja-vukovarsko-srijemske-zupanije-za-2023-2027\/","title":{"rendered":"Program potpora unapre\u0111enja poljoprivrede i ruralnog podru\u010dja Vukovarsko \u2013 srijemske \u017eupanije za 2023.-2027."},"content":{"rendered":"<p>Pozivamo gra\u0111ane i pravne osobe uklju\u010diti se u savjetovanje s javno\u0161\u0107u u vezi s Nacrtom prijedloga Programa potpora unapre\u0111enja poljoprivrede i ruralnog podru\u010dja Vukovarsko-srijemske \u017eupanije za razdoblje od 2023. do 2027. godine.<\/p>\n\n\n\n<p>Provodi se od 6. o\u017eujka do 6. travnja 2023. putem Obrasca 2 &#8211; Obrazac sudjelovanja u savjetovanju s javno\u0161\u0107u koji se nalazi na slu\u017ebenim <a><\/a>stranicama Vukovarsko \u2013 srijemske \u017eupanije.<\/p>\n\n\n\n<p>Glavna svrha savjetovanja i uklju\u010divanja svih sudionika jest prikupljanje informacija o stavovima, prijedlozima i interesima \u0161ire javnosti u vezi s navedenim Programom, s ciljem razvoja poljoprivrede u na\u0161oj \u017eupaniji.<\/p>\n\n\n\n<p>Sve dodatne informacije dostupne su na <a href=\"https:\/\/www.vusz.hr\/novosti-najave-i-sluzbene-obavijesti\/program-potpora-u-poljoprivredi-2023-2027?fbclid=IwAR3noZJ2RzH8bJD7qjtmzDToprVXk0AdGr3GjncN_tCCoo4ePpx8BVipBwY\" target=\"_blank\" rel=\"noopener\">poveznici<\/a>.<\/p>","protected":false},"excerpt":{"rendered":"<p>Pozivamo gra\u0111ane i pravne osobe uklju\u010diti se u savjetovanje s javno\u0161\u0107u u vezi s Nacrtom prijedloga Programa potpora unapre\u0111enja poljoprivrede i ruralnog podru\u010dja Vukovarsko-srijemske \u017eupanije za razdoblje od 2023. do 2027. godine. Provodi se od 6. o\u017eujka do 6. travnja 2023. putem Obrasca 2 &#8211; Obrazac sudjelovanja u savjetovanju s javno\u0161\u0107u koji se nalazi na [&hellip;]<\/p>","protected":false},"author":1,"featured_media":9723,"comment_status":"closed","ping_status":"open","sticky":false,"template":"","format":"standard","meta":{"_et_pb_use_builder":"","_et_pb_old_content":"","_et_gb_content_width":"","footnotes":""},"categories":[6,4],"tags":[],"class_list":["post-11365","post","type-post","status-publish","format-standard","has-post-thumbnail","hentry","category-natjecaji","category-vijesti"],"_links":{"self":[{"href":"https:\/\/www.ra-vsz.hr\/en\/wp-json\/wp\/v2\/posts\/11365","targetHints":{"allow":["GET"]}}],"collection":[{"href":"https:\/\/www.ra-vsz.hr\/en\/wp-json\/wp\/v2\/posts"}],"about":[{"href":"https:\/\/www.ra-vsz.hr\/en\/wp-json\/wp\/v2\/types\/post"}],"author":[{"embeddable":true,"href":"https:\/\/www.ra-vsz.hr\/en\/wp-json\/wp\/v2\/users\/1"}],"replies":[{"embeddable":true,"href":"https:\/\/www.ra-vsz.hr\/en\/wp-json\/wp\/v2\/comments?post=11365"}],"version-history":[{"count":1,"href":"https:\/\/www.ra-vsz.hr\/en\/wp-json\/wp\/v2\/posts\/11365\/revisions"}],"predecessor-version":[{"id":11366,"href":"https:\/\/www.ra-vsz.hr\/en\/wp-json\/wp\/v2\/posts\/11365\/revisions\/11366"}],"wp:featuredmedia":[{"embeddable":true,"href":"https:\/\/www.ra-vsz.hr\/en\/wp-json\/wp\/v2\/media\/9723"}],"wp:attachment":[{"href":"https:\/\/www.ra-vsz.hr\/en\/wp-json\/wp\/v2\/media?parent=11365"}],"wp:term":[{"taxonomy":"category","embeddable":true,"href":"https:\/\/www.ra-vsz.hr\/en\/wp-json\/wp\/v2\/categories?post=11365"},{"taxonomy":"post_tag","embeddable":true,"href":"https:\/\/www.ra-vsz.hr\/en\/wp-json\/wp\/v2\/tags?post=11365"}],"curies":[{"name":"wp","href":"https:\/\/api.w.org\/{rel}","templated":true}]}}