{"id":11355,"date":"2023-03-06T13:52:07","date_gmt":"2023-03-06T13:52:07","guid":{"rendered":"https:\/\/www.ra-vsz.hr\/?p=11355"},"modified":"2023-03-06T13:52:11","modified_gmt":"2023-03-06T13:52:11","slug":"javni-poziv-osnovnim-i-srednjim-skolama-za-sudjelovanjem-u-izlozbi-hrana-nije-otpad-i-ja-mogu-utjecati","status":"publish","type":"post","link":"https:\/\/www.ra-vsz.hr\/en\/javni-poziv-osnovnim-i-srednjim-skolama-za-sudjelovanjem-u-izlozbi-hrana-nije-otpad-i-ja-mogu-utjecati\/","title":{"rendered":"Javni poziv osnovnim i srednjim \u0161kolama za sudjelovanjem u izlo\u017ebi &#8220;Hrana nije otpad, i ja mogu utjecati!&#8221;"},"content":{"rendered":"<p>Ministarstvo poljoprivrede&nbsp; s ciljem podizanja svijesti javnosti o problematici otpada od hrane, organizira izlo\u017ebu pod nazivom \u201eHrana nije otpad, i ja mogu utjecati!\u201c te je objavljen Javni poziv svim osnovnim i srednjim \u0161kolama za sudjelovanjem u izlo\u017ebi \u201eHrana nije otpad, i ja mogu utjecati!\u201c. Odr\u017eavanje navedene izlo\u017ebe predvi\u0111eno je 28. rujna 2022., ), u ulaznom prostoru Nacionalne i sveu\u010dili\u0161ne knji\u017enice u Zagrebu, u trajanju od 10:00 do 20:00 sati.<\/p>\n\n\n\n<p>Obrazac prijave na Javni poziv se podnosi zaklju\u010dno s danom 28. travnja 2023. godine.<\/p>\n\n\n\n<p>Vi\u0161e informacija na sljede\u0107oj <a href=\"https:\/\/poljoprivreda.gov.hr\/javni-pozivi-i-natjecaji\/1198\" target=\"_blank\" rel=\"noopener\">poveznici<\/a>.<\/p>","protected":false},"excerpt":{"rendered":"<p>Ministarstvo poljoprivrede&nbsp; s ciljem podizanja svijesti javnosti o problematici otpada od hrane, organizira izlo\u017ebu pod nazivom \u201eHrana nije otpad, i ja mogu utjecati!\u201c te je objavljen Javni poziv svim osnovnim i srednjim \u0161kolama za sudjelovanjem u izlo\u017ebi \u201eHrana nije otpad, i ja mogu utjecati!\u201c. Odr\u017eavanje navedene izlo\u017ebe predvi\u0111eno je 28. rujna 2022., ), u ulaznom [&hellip;]<\/p>","protected":false},"author":1,"featured_media":11356,"comment_status":"closed","ping_status":"open","sticky":false,"template":"","format":"standard","meta":{"_et_pb_use_builder":"","_et_pb_old_content":"","_et_gb_content_width":"","footnotes":""},"categories":[6,4],"tags":[],"class_list":["post-11355","post","type-post","status-publish","format-standard","has-post-thumbnail","hentry","category-natjecaji","category-vijesti"],"_links":{"self":[{"href":"https:\/\/www.ra-vsz.hr\/en\/wp-json\/wp\/v2\/posts\/11355","targetHints":{"allow":["GET"]}}],"collection":[{"href":"https:\/\/www.ra-vsz.hr\/en\/wp-json\/wp\/v2\/posts"}],"about":[{"href":"https:\/\/www.ra-vsz.hr\/en\/wp-json\/wp\/v2\/types\/post"}],"author":[{"embeddable":true,"href":"https:\/\/www.ra-vsz.hr\/en\/wp-json\/wp\/v2\/users\/1"}],"replies":[{"embeddable":true,"href":"https:\/\/www.ra-vsz.hr\/en\/wp-json\/wp\/v2\/comments?post=11355"}],"version-history":[{"count":1,"href":"https:\/\/www.ra-vsz.hr\/en\/wp-json\/wp\/v2\/posts\/11355\/revisions"}],"predecessor-version":[{"id":11357,"href":"https:\/\/www.ra-vsz.hr\/en\/wp-json\/wp\/v2\/posts\/11355\/revisions\/11357"}],"wp:featuredmedia":[{"embeddable":true,"href":"https:\/\/www.ra-vsz.hr\/en\/wp-json\/wp\/v2\/media\/11356"}],"wp:attachment":[{"href":"https:\/\/www.ra-vsz.hr\/en\/wp-json\/wp\/v2\/media?parent=11355"}],"wp:term":[{"taxonomy":"category","embeddable":true,"href":"https:\/\/www.ra-vsz.hr\/en\/wp-json\/wp\/v2\/categories?post=11355"},{"taxonomy":"post_tag","embeddable":true,"href":"https:\/\/www.ra-vsz.hr\/en\/wp-json\/wp\/v2\/tags?post=11355"}],"curies":[{"name":"wp","href":"https:\/\/api.w.org\/{rel}","templated":true}]}}