{"id":11301,"date":"2023-02-28T12:45:50","date_gmt":"2023-02-28T12:45:50","guid":{"rendered":"https:\/\/www.ra-vsz.hr\/?p=11301"},"modified":"2023-02-28T12:45:53","modified_gmt":"2023-02-28T12:45:53","slug":"otvoren-je-natjecaj-za-dodjelu-nagrada-regiostars-2023","status":"publish","type":"post","link":"https:\/\/www.ra-vsz.hr\/en\/otvoren-je-natjecaj-za-dodjelu-nagrada-regiostars-2023\/","title":{"rendered":"Otvoren je natje\u010daj za dodjelu nagrada REGIOSTARS 2023."},"content":{"rendered":"<p>Europska komisija otvorila je natje\u010daj za 16. izdanje nagrade REGIOSTARS za najbolje projekte koji se financiraju u okviru kohezijske politike.<\/p>\n\n\n\n<p>REGIOSTARS je godi\u0161nje natjecanje koje DG REGIO organizira od 2008. godine. Natjecanje je postalo europska oznaka izvrsnosti za projekte financirane sredstvima kohezijske politike EU-a, koji se odlikuju inovativnim i uklju\u010divim pristupom prema regionalnom razvoju. Od 2023. u natjecanje se uvode novine, a prva je ta da se projekti mogu natjecati u \u0161est kategorija koje \u0107e ostati iste tijekom godina (detaljnije u nastavku). Predlaganjem rje\u0161enja za zajedni\u010dke probleme i iskori\u0161tavanjem prilika, nagrade REGIOSTARS nadahnule su regije na provo\u0111enje EU regionalnih politika koje \u0107e zauvijek imati utjecaja. Poti\u010de se prijavljivanje iz relativno manje razvijenih podru\u010dja Europe te iz svih programskih podru\u010dja. Internetska platforma za prijavu otvorena je od 27. velja\u010de do 31. svibnja 2023.<\/p>\n\n\n\n<p>Nagrade REGIOSTARS dodjeljuju se projektima u \u0161est tematskih kategorija:<br>\u2022 Kategorija 1) KONKURENTNA I PAMETNA EUROPA<br>\u2022 Kategorija 2) ZELENA EUROPA<br>\u2022 Kategorija 3) POVEZANA EUROPA<br>\u2022 Kategorija 4) SOCIJALNA I UKLJU\u010cIVA EUROPA<br>\u2022 Kategorija 5) EUROPA BLI\u017dA GRA\u0110ANIMA<br>\u2022 Kategorija 6) TEMA GODINE (<a href=\"https:\/\/commission.europa.eu\/strategy-and-policy\/priorities-2019-2024\/europe-fit-digital-age\/european-year-skills-2023_hr\" target=\"_blank\" rel=\"noopener\"><strong><em>Europska godina vje\u0161tina 2023.<\/em><\/strong><\/a>)<\/p>\n\n\n\n<p>Izmijenjen je i postupak odabira. Prvo, odbor akademskih stru\u010dnjaka iz svih podru\u010dja natjecanja \u0107e ocijeniti poslane prijave i odabrati finaliste. Drugo, finalisti \u0107e biti pozvani u \u201ezavr\u0161ni krug\u201c odabira tijekom Europskog tjedna regija i gradova u Bruxellesu.<\/p>\n\n\n\n<p>Kao i prethodnih godina, javnost \u0107e mo\u0107i glasati za svoje omiljene finaliste za Nagradu po izboru javnosti.&nbsp;<strong>Svi \u0107e dobitnici biti progla\u0161eni tijekom ceremonije REGIOSTARS u Ostravi (\u010ce\u0161ka Republika) 16. studenog 2023. godine.<\/strong><\/p>\n\n\n\n<p>Povjerenica za koheziju i reforme Elisa&nbsp;<strong>Ferreira<\/strong>&nbsp;izjavila je:<em>&nbsp;Sa zadovoljstvom najavljujem 16. izdanje ovog va\u017enog natje\u010daja. Nagrade REGIOSTARS pokazuju kako projekti kohezijske politike mijenjaju lokalna gospodarstva i \u017eivote ljudi u regijama EU-a. Doprinose uskla\u0111enom teritorijalnom razvoju Unije podupiranjem gospodarskog rasta, isticanjem socijalnih inovacija i poma\u017eu u pokretanju zelenije, pametnije i tehnolo\u0161ki naprednije budu\u0107nosti. Ove godine obilje\u017eavamo godinu vje\u0161tina, a REGIOSTARS \u0107e nagraditi najbolje kohezijske projekte kojima se poma\u017ee u usavr\u0161avanju i prekvalifikaciji europske radne snage te prilagodbi izazovima s kojima se Europa danas suo\u010dava. Poti\u010dem voditelje projekata iz svih regija EU-a da se prijave na natje\u010daj.<\/em><\/p>\n\n\n\n<p>Natje\u010daj \u0107e biti&nbsp;<strong>otvoren do 31. svibnja 2023.<\/strong>, a&nbsp;<strong>javnost \u0107e imati priliku glasati za finaliste nagrade po izboru javnosti.<\/strong><\/p>\n\n\n\n<p>Sve pojedinosti natje\u010daja dostupne su&nbsp;<a href=\"https:\/\/regiostarsawards.eu\/\" target=\"_blank\" rel=\"noopener\"><strong><em>ovdje<\/em><\/strong><\/a>.<\/p>","protected":false},"excerpt":{"rendered":"<p>Europska komisija otvorila je natje\u010daj za 16. izdanje nagrade REGIOSTARS za najbolje projekte koji se financiraju u okviru kohezijske politike. REGIOSTARS je godi\u0161nje natjecanje koje DG REGIO organizira od 2008. godine. Natjecanje je postalo europska oznaka izvrsnosti za projekte financirane sredstvima kohezijske politike EU-a, koji se odlikuju inovativnim i uklju\u010divim pristupom prema regionalnom razvoju. Od [&hellip;]<\/p>","protected":false},"author":1,"featured_media":11302,"comment_status":"closed","ping_status":"open","sticky":false,"template":"","format":"standard","meta":{"_et_pb_use_builder":"","_et_pb_old_content":"","_et_gb_content_width":"","footnotes":""},"categories":[6,4],"tags":[],"class_list":["post-11301","post","type-post","status-publish","format-standard","has-post-thumbnail","hentry","category-natjecaji","category-vijesti"],"_links":{"self":[{"href":"https:\/\/www.ra-vsz.hr\/en\/wp-json\/wp\/v2\/posts\/11301","targetHints":{"allow":["GET"]}}],"collection":[{"href":"https:\/\/www.ra-vsz.hr\/en\/wp-json\/wp\/v2\/posts"}],"about":[{"href":"https:\/\/www.ra-vsz.hr\/en\/wp-json\/wp\/v2\/types\/post"}],"author":[{"embeddable":true,"href":"https:\/\/www.ra-vsz.hr\/en\/wp-json\/wp\/v2\/users\/1"}],"replies":[{"embeddable":true,"href":"https:\/\/www.ra-vsz.hr\/en\/wp-json\/wp\/v2\/comments?post=11301"}],"version-history":[{"count":1,"href":"https:\/\/www.ra-vsz.hr\/en\/wp-json\/wp\/v2\/posts\/11301\/revisions"}],"predecessor-version":[{"id":11303,"href":"https:\/\/www.ra-vsz.hr\/en\/wp-json\/wp\/v2\/posts\/11301\/revisions\/11303"}],"wp:featuredmedia":[{"embeddable":true,"href":"https:\/\/www.ra-vsz.hr\/en\/wp-json\/wp\/v2\/media\/11302"}],"wp:attachment":[{"href":"https:\/\/www.ra-vsz.hr\/en\/wp-json\/wp\/v2\/media?parent=11301"}],"wp:term":[{"taxonomy":"category","embeddable":true,"href":"https:\/\/www.ra-vsz.hr\/en\/wp-json\/wp\/v2\/categories?post=11301"},{"taxonomy":"post_tag","embeddable":true,"href":"https:\/\/www.ra-vsz.hr\/en\/wp-json\/wp\/v2\/tags?post=11301"}],"curies":[{"name":"wp","href":"https:\/\/api.w.org\/{rel}","templated":true}]}}