{"id":11284,"date":"2023-02-24T13:20:39","date_gmt":"2023-02-24T13:20:39","guid":{"rendered":"https:\/\/www.ra-vsz.hr\/?p=11284"},"modified":"2023-02-24T13:20:43","modified_gmt":"2023-02-24T13:20:43","slug":"euregionsweek-2023","status":"publish","type":"post","link":"https:\/\/www.ra-vsz.hr\/en\/euregionsweek-2023\/","title":{"rendered":"EURegionsWeek 2023."},"content":{"rendered":"<p><strong>Europski tjedan regija i gradova<\/strong>&nbsp;(#EURegionsWeek) najve\u0107i je godi\u0161nji doga\u0111aj u Bruxellesu posve\u0107en regionalnoj i urbanoj politici. Organizatori doga\u0111aja su: Glavna uprava Europske komisije za regionalnu i urbanu politiku (DG REGIO) i Europski odbor regija (CoR).<\/p>\n\n\n\n<p><strong>21. izdanje #EURegionsWeek<\/strong>&nbsp;odr\u017eat \u0107e se od&nbsp;<strong>9. do 12. listopada 2023. godine<\/strong>&nbsp;i to na licu mjesta&nbsp;<strong>u Bruxellesu.&nbsp;<\/strong>Doga\u0111aji i mogu\u0107nosti umre\u017eavanja do\u010dekat \u0107e sudionike na nekoliko lokacija u Bruxellesu.<\/p>\n\n\n\n<p>S motom&nbsp;<strong><em>Thriving Regions, Stronger Europe<\/em><\/strong>,&nbsp;<strong>#EURegionsWeek 2023<\/strong>. usredoto\u010dit \u0107e se na sljede\u0107ih&nbsp;<strong>\u0161est tema<\/strong>:<\/p>\n\n\n\n<ul class=\"wp-block-list\">\n<li>Regije u postindustrijskoj tranziciji<\/li>\n\n\n\n<li>Zadr\u017eavanje talenta za regionalni razvoj<\/li>\n\n\n\n<li>Mali i srednji gradski centri kao pokreta\u010dki razvoja<\/li>\n\n\n\n<li>Ru\u0161enje prepreka za prekograni\u010dnu suradnju<\/li>\n\n\n\n<li>Lokalni energetski pomak za sigurnost i odr\u017eivost<\/li>\n\n\n\n<li>Promicanje dru\u0161tvenih inovacija.<\/li>\n<\/ul>\n\n\n\n<p>Kako bi sudjelovali na #EURegionsWeek, partneri svoje aktivnosti mogu kreirati unutar sljede\u0107ih oblika:<\/p>\n\n\n\n<ul class=\"wp-block-list\">\n<li>Participativni\/Politi\u010dki laboratorij<\/li>\n\n\n\n<li>Radionica<\/li>\n\n\n\n<li>EURegions\u2019 talk (kao TED talk)<\/li>\n\n\n\n<li>Naselje \u0161tandova<\/li>\n\n\n\n<li>Degustacija regionalnih proizvoda.<\/li>\n<\/ul>\n\n\n\n<p>Prihvatljivi prijavitelji:<\/p>\n\n\n\n<ul class=\"wp-block-list\">\n<li>Upravlja\u010dka tijela EU fondova<\/li>\n\n\n\n<li>Institucije EU i institucionalni partneri<\/li>\n\n\n\n<li>Lokalne i regionalne vlasti i njihova udru\u017eenja<\/li>\n\n\n\n<li>Europske grupe za teritorijalnu suradnju (EGTC)<\/li>\n\n\n\n<li>Javno-privatno partnerstvo<\/li>\n\n\n\n<li>Udruge i institucije koje pridonose\/sudjeluju u programu EU-a.<\/li>\n<\/ul>\n\n\n\n<p>Rok za podno\u0161enje prijedloga\/prijave za sudjelovanje na #EURegionsWeek je&nbsp;<strong>11. travnja 2023. godine u 12:00<\/strong>.<\/p>\n\n\n\n<p>Vi\u0161e informacija mo\u017eete prona\u0107i u&nbsp;&nbsp;<a href=\"https:\/\/europa.eu\/regions-and-cities\/system\/files\/2023-02\/EURegionsWeek_2023_guide_for_partners.pdf\" target=\"_blank\" rel=\"noreferrer noopener\">#EURegionsWeek 2023 Vodi\u010d za partnere<\/a>.<\/p>\n\n\n\n<p><strong>Predstavni\u0161tvo Slavonije, Baranje i Srijema<\/strong>&nbsp;i ove godine bit \u0107e dio #EURegionsWeek. U tijeku su dogovori za regionalna partnerstva i izradu prijava za sudjelovanje, a detaljnije informacije o sudjelovanju Predstavni\u0161tva tek \u0107e uslijediti.<\/p>","protected":false},"excerpt":{"rendered":"<p>Europski tjedan regija i gradova&nbsp;(#EURegionsWeek) najve\u0107i je godi\u0161nji doga\u0111aj u Bruxellesu posve\u0107en regionalnoj i urbanoj politici. Organizatori doga\u0111aja su: Glavna uprava Europske komisije za regionalnu i urbanu politiku (DG REGIO) i Europski odbor regija (CoR). 21. izdanje #EURegionsWeek&nbsp;odr\u017eat \u0107e se od&nbsp;9. do 12. listopada 2023. godine&nbsp;i to na licu mjesta&nbsp;u Bruxellesu.&nbsp;Doga\u0111aji i mogu\u0107nosti umre\u017eavanja do\u010dekat [&hellip;]<\/p>","protected":false},"author":1,"featured_media":11285,"comment_status":"closed","ping_status":"open","sticky":false,"template":"","format":"standard","meta":{"_et_pb_use_builder":"","_et_pb_old_content":"","_et_gb_content_width":"","footnotes":""},"categories":[6,4],"tags":[],"class_list":["post-11284","post","type-post","status-publish","format-standard","has-post-thumbnail","hentry","category-natjecaji","category-vijesti"],"_links":{"self":[{"href":"https:\/\/www.ra-vsz.hr\/en\/wp-json\/wp\/v2\/posts\/11284","targetHints":{"allow":["GET"]}}],"collection":[{"href":"https:\/\/www.ra-vsz.hr\/en\/wp-json\/wp\/v2\/posts"}],"about":[{"href":"https:\/\/www.ra-vsz.hr\/en\/wp-json\/wp\/v2\/types\/post"}],"author":[{"embeddable":true,"href":"https:\/\/www.ra-vsz.hr\/en\/wp-json\/wp\/v2\/users\/1"}],"replies":[{"embeddable":true,"href":"https:\/\/www.ra-vsz.hr\/en\/wp-json\/wp\/v2\/comments?post=11284"}],"version-history":[{"count":1,"href":"https:\/\/www.ra-vsz.hr\/en\/wp-json\/wp\/v2\/posts\/11284\/revisions"}],"predecessor-version":[{"id":11286,"href":"https:\/\/www.ra-vsz.hr\/en\/wp-json\/wp\/v2\/posts\/11284\/revisions\/11286"}],"wp:featuredmedia":[{"embeddable":true,"href":"https:\/\/www.ra-vsz.hr\/en\/wp-json\/wp\/v2\/media\/11285"}],"wp:attachment":[{"href":"https:\/\/www.ra-vsz.hr\/en\/wp-json\/wp\/v2\/media?parent=11284"}],"wp:term":[{"taxonomy":"category","embeddable":true,"href":"https:\/\/www.ra-vsz.hr\/en\/wp-json\/wp\/v2\/categories?post=11284"},{"taxonomy":"post_tag","embeddable":true,"href":"https:\/\/www.ra-vsz.hr\/en\/wp-json\/wp\/v2\/tags?post=11284"}],"curies":[{"name":"wp","href":"https:\/\/api.w.org\/{rel}","templated":true}]}}