{"id":11262,"date":"2023-02-21T13:29:23","date_gmt":"2023-02-21T13:29:23","guid":{"rendered":"https:\/\/www.ra-vsz.hr\/?p=11262"},"modified":"2023-02-21T13:29:28","modified_gmt":"2023-02-21T13:29:28","slug":"javni-natjecaj-psiholosko-i-socijalno-osnazivanje-podizanje-kvalitete-zivljenja-hrvatskih-branitelja-iz-domovinskog-rata-i-ocuvanje-i-promicanje-vrijednosti-domovinskog-rata","status":"publish","type":"post","link":"https:\/\/www.ra-vsz.hr\/en\/javni-natjecaj-psiholosko-i-socijalno-osnazivanje-podizanje-kvalitete-zivljenja-hrvatskih-branitelja-iz-domovinskog-rata-i-ocuvanje-i-promicanje-vrijednosti-domovinskog-rata\/","title":{"rendered":"Javni natje\u010daj &#8211; psiholo\u0161ko i socijalno osna\u017eivanje, podizanje kvalitete \u017eivljenja hrvatskih branitelja iz Domovinskog rata i o\u010duvanje i promicanje vrijednosti Domovinskog rata"},"content":{"rendered":"<p>Predmet ovog javnog natje\u010daja  je prikupljanje pisanih prijedloga projekata\/programa braniteljskih i stradalni\u010dkih udruga iz Domovinskog rata  za dodjelu bespovratnih sredstava za 2023. godinu.<\/p>\n\n\n\n<p>Subjekti mogu prijaviti projekt\/program za sljede\u0107a podru\u010dja djelovanja:<\/p>\n\n\n\n<p>\u2022 radne aktivnosti i radne terapije (ekolo\u0161ke akcije i druge dru\u0161tveno korisne aktivnosti, ure\u0111enje okoli\u0161a)<\/p>\n\n\n\n<p>\u2022 socijalno poduzetni\u0161tvo za unapre\u0111enje rada udruge i ubla\u017eavanje te\u0161kih materijalnih prilika hrvatskih branitelja iz Domovinskog rata i \u010dlanova njihovih obitelji<\/p>\n\n\n\n<p>\u2022 rekreativno-stvarala\u010dke i natjecateljske aktivnosti<\/p>\n\n\n\n<p>\u2022 edukativne radionice (informati\u010dko opismenjavanje)<\/p>\n\n\n\n<p>\u2022 medicinska rehabilitacija<\/p>\n\n\n\n<p>\u2022 umjetni\u010dko-scenski nastupi i uradci<\/p>\n\n\n\n<p>\u2022 stvarala\u010dke kreativne radionice<\/p>\n\n\n\n<p>\u2022 stru\u010dna i edukativna predavanja i skupovi u podru\u010dju zdravstvene skrbi&nbsp;<\/p>\n\n\n\n<p>\u2022 razni oblici izvaninstitucionalne skrbi o nemo\u0107nim, starijim i nezaposlenim hrvatskim braniteljima i \u010dlanovima njihovih obitelji (ne uklju\u010duje mogu\u0107nost dodjele nov\u010dane pomo\u0107i)<\/p>\n\n\n\n<p>\u2022 socijalna i humanitarna djelatnost udruga iz Domovinskog rata (izlo\u017ebe i aukcije) i druge prihvatljive aktivnosti iz podru\u010dja psiholo\u0161kog i socijalnog osna\u017eivanja te podizanja kvalitete \u017eivljenja braniteljske i stradalni\u010dke populacije iz Domovinskog &nbsp;rata<\/p>\n\n\n\n<p>\u2022 izdava\u010dka djelatnost na tematiku Domovinskog rata<\/p>\n\n\n\n<p>\u2022 izlo\u017ebe na tematiku Domovinskog rata (npr. izlo\u017eba ratnih fotografija)<\/p>\n\n\n\n<p>\u2022 edukativni izleti za djecu i mlade na tematiku Domovinskog rata<\/p>\n\n\n\n<p>\u2022 organiziranje edukativnih programa o Domovinskom ratu u osnovnim i srednjim \u0161kolama (uz suglasnost Ministarstva znanosti i obrazovanja)<\/p>\n\n\n\n<p>\u2022 odr\u017eavanje nacionalnih\/lokalnih konferencija<\/p>\n\n\n\n<p>\u2022 multimedijalne aktivnosti o\u017eivljavanja sje\u0107anja na Domovinski rat<\/p>\n\n\n\n<p>\u2022 o\u010duvanje temeljnih vrijednosti i digniteta Domovinskog rata<\/p>\n\n\n\n<p>\u2022 i druge prihvatljive aktivnosti promicanja vrijednosti Domovinskog rata.<\/p>\n\n\n\n<p>Ukupno planirana vrijednost Natje\u010daja je 26 544,56 \u20ac.<\/p>\n\n\n\n<p><strong>Najmanji&nbsp;<\/strong>iznos financijskih sredstava koji se mo\u017ee prijaviti i ugovoriti po pojedinom projektu\/programu&nbsp;<strong>300 \u20ac<\/strong>, a&nbsp;<strong>najve\u0107i&nbsp;<\/strong>iznos po pojedinom projektu\/programu je&nbsp;<strong>2 000 \u20ac.<\/strong><\/p>\n\n\n\n<p>Natje\u010daj je otvoren danom objave na internetskim stranicama Vukovarsko-srijemske \u017eupanije\u00a0<strong>20.02.20223. godine.<\/strong><\/p>\n\n\n\n<p>Rok za podno\u0161enje prijedloga projekata\/programa je 30 dana, ra\u010dunaju\u0107i od dana objave natje\u010daja i isti\u010de\u00a0<strong>21.03.2023. u 24:00 sata<\/strong>.<\/p>\n\n\n\n<p>Svaki Prijavitelj mo\u017ee prijaviti i ugovoriti jedan projekt\/program u okviru ovog Natje\u010daja. Ista udruga mo\u017ee biti partner na vi\u0161e projekata\/programa prijavljenih na Natje\u010daj. Prijavitelji koji provode projekte\/programe u partnerstvu moraju prilo\u017eiti Obrazac izjave o partnerstvu, potpisan i ovjeren od strane nositelja projekta\/programa te svih partnera na projektu\/programu.<\/p>\n\n\n\n<p>Prijavu projekta na Natje\u010daj mo\u017ee podnijeti udruga sa sjedi\u0161tem na podru\u010dju Vukovarsko-srijemske \u017eupanije, upisana u Registar udruga i Registar neprofitnih organizacija. Ako ogranak, podru\u017enica ili drugi ustrojstveni oblik nema pravnu osobnost, ne mo\u017ee biti Prijavitelj na Natje\u010daj i njihove projekte\/programe\u00a0mo\u017ee prijaviti isklju\u010divo \u201esredi\u0161njica\u201c.<\/p>\n\n\n\n<p><\/p>\n\n\n\n<p>Vi\u0161e informacija na <a href=\"https:\/\/www.vusz.hr\/natjecaj\/javni-natjecaj-psiholosko-i-socijalno-osnazivanje-podizanje-kvalitete-zivljenja-hrvatskih--2\" target=\"_blank\" rel=\"noopener\">poveznici<\/a>.<\/p>","protected":false},"excerpt":{"rendered":"<p>Predmet ovog javnog natje\u010daja je prikupljanje pisanih prijedloga projekata\/programa braniteljskih i stradalni\u010dkih udruga iz Domovinskog rata za dodjelu bespovratnih sredstava za 2023. godinu. Subjekti mogu prijaviti projekt\/program za sljede\u0107a podru\u010dja djelovanja: \u2022 radne aktivnosti i radne terapije (ekolo\u0161ke akcije i druge dru\u0161tveno korisne aktivnosti, ure\u0111enje okoli\u0161a) \u2022 socijalno poduzetni\u0161tvo za unapre\u0111enje rada udruge i ubla\u017eavanje [&hellip;]<\/p>","protected":false},"author":1,"featured_media":9322,"comment_status":"closed","ping_status":"open","sticky":false,"template":"","format":"standard","meta":{"_et_pb_use_builder":"","_et_pb_old_content":"","_et_gb_content_width":"","footnotes":""},"categories":[6,4],"tags":[],"class_list":["post-11262","post","type-post","status-publish","format-standard","has-post-thumbnail","hentry","category-natjecaji","category-vijesti"],"_links":{"self":[{"href":"https:\/\/www.ra-vsz.hr\/en\/wp-json\/wp\/v2\/posts\/11262","targetHints":{"allow":["GET"]}}],"collection":[{"href":"https:\/\/www.ra-vsz.hr\/en\/wp-json\/wp\/v2\/posts"}],"about":[{"href":"https:\/\/www.ra-vsz.hr\/en\/wp-json\/wp\/v2\/types\/post"}],"author":[{"embeddable":true,"href":"https:\/\/www.ra-vsz.hr\/en\/wp-json\/wp\/v2\/users\/1"}],"replies":[{"embeddable":true,"href":"https:\/\/www.ra-vsz.hr\/en\/wp-json\/wp\/v2\/comments?post=11262"}],"version-history":[{"count":1,"href":"https:\/\/www.ra-vsz.hr\/en\/wp-json\/wp\/v2\/posts\/11262\/revisions"}],"predecessor-version":[{"id":11263,"href":"https:\/\/www.ra-vsz.hr\/en\/wp-json\/wp\/v2\/posts\/11262\/revisions\/11263"}],"wp:featuredmedia":[{"embeddable":true,"href":"https:\/\/www.ra-vsz.hr\/en\/wp-json\/wp\/v2\/media\/9322"}],"wp:attachment":[{"href":"https:\/\/www.ra-vsz.hr\/en\/wp-json\/wp\/v2\/media?parent=11262"}],"wp:term":[{"taxonomy":"category","embeddable":true,"href":"https:\/\/www.ra-vsz.hr\/en\/wp-json\/wp\/v2\/categories?post=11262"},{"taxonomy":"post_tag","embeddable":true,"href":"https:\/\/www.ra-vsz.hr\/en\/wp-json\/wp\/v2\/tags?post=11262"}],"curies":[{"name":"wp","href":"https:\/\/api.w.org\/{rel}","templated":true}]}}