{"id":11253,"date":"2023-02-20T13:19:50","date_gmt":"2023-02-20T13:19:50","guid":{"rendered":"https:\/\/www.ra-vsz.hr\/?p=11253"},"modified":"2023-02-20T13:19:58","modified_gmt":"2023-02-20T13:19:58","slug":"poziv-program-izgradnje-kapaciteta-u-inovativnom-financiranju","status":"publish","type":"post","link":"https:\/\/www.ra-vsz.hr\/en\/poziv-program-izgradnje-kapaciteta-u-inovativnom-financiranju\/","title":{"rendered":"Poziv \u2013 Program izgradnje kapaciteta u inovativnom financiranju"},"content":{"rendered":"<p>U okviru programa PROSPECT+, projekta izgradnje kapaciteta, otvora se poziv gradovima, regijama i lokalnim energetskim agencijama za pobolj\u0161anje financijskih kapaciteta potrebnih za provedbu akcijskih planova za odr\u017eivu energiju i klimu, a sve u cilju&nbsp; ostvarivanja klimatskih i energetskih ciljevi EU-a.<\/p>\n\n\n\n<p>Zbog teku\u0107e energetske krize klimatski i energetski ciljevi Europske unije sve su ambiciozniji, \u0161to pred javna tijela diljem Europe stavlja imperativ ubrzavanja energetske transformacije unato\u010d smanjenoj dostupnosti subvencija. To podrazumijeva i nu\u017enost upotrebljavanja instrumenata financiranja koji nisu subvencije.<\/p>\n\n\n\n<p>Lokalne i regionalne vlasti zajedno s lokalnim i regionalnim energetskim agencijama imaju potencijal biti pokreta\u010dka snaga energetske tranzicije. Me\u0111utim, nisu sva javna tijela na istoj razini anga\u017emana: neovisno o svojoj dimenziji i zemljopisnom polo\u017eaju, neka su napredna u borbi protiv ubla\u017eavanja klimatskih promjena i prilagodbe njima, dok druga zaostaju. Jedan od \u010dimbenika odgovornih za razlike je nedostatak resursa, kako u pogledu financiranja, tako i nedovoljnog znanja. Financiranje odr\u017eivih energetskih i klimatski projekata ote\u017eano je prvenstveno zbog nedostatka unutarnjih kapaciteta za utvr\u0111ivanje najprikladnijih i najisplativijih financijskih instrumenata i modela provedbe.<\/p>\n\n\n\n<p>PROSPECT+ nudi mentorstvo i obuku o&nbsp;<a href=\"https:\/\/h2020prospect.eu\/learning-handbooks\" target=\"_blank\" rel=\"noreferrer noopener\"><strong>inovativnim programima financiranja<\/strong><\/a>&nbsp;u&nbsp;<a href=\"https:\/\/h2020prospect.eu\/learning-handbooks\" target=\"_blank\" rel=\"noreferrer noopener\"><strong>pet tematskih podru\u010dja<\/strong><\/a>:&nbsp;<strong>javne zgrade, privatne zgrade, javna rasvjeta, prijevoz i me\u0111usektorska kategorija<\/strong>. Naglasak je i na pobolj\u0161anje dono\u0161enja odluka gradova i regija o tome kako odabrati projekte za financiranje, kao i kako procijeniti i osigurati spremnost projekata za finaciranje.<\/p>\n\n\n\n<p>Sudjelovanje u PROSPECT+ je&nbsp;<strong>besplatno<\/strong>, a prijaviti se mogu sva lokalna i regionalna javna tijela i njihove energetske agencije iz Europe (zemlje pridru\u017eene EU27, UK i H2020).<\/p>\n\n\n\n<p>Sudjelovanjem u PROSPECT+ programu izgradnje kapaciteta&nbsp;<strong>lokalne&nbsp;<\/strong>i&nbsp;<strong>regionalne vlasti<\/strong>&nbsp;i&nbsp;<strong>energetske agencije<\/strong>&nbsp;imat \u0107e priliku sura\u0111ivati s iskusnim kolegama koji \u0107e kroz mentorske sesije podijeliti svoje znanje o&nbsp;<a href=\"https:\/\/h2020prospect.eu\/learning-programme\" target=\"_blank\" rel=\"noreferrer noopener\">inovativnim programima financiranja<\/a>. Na taj \u0107e na\u010din mo\u0107i prevladati izazove u financiranju provedbe svojih energetskih i klimatskih planova.<\/p>\n\n\n\n<p>U okviru priprema tre\u0107eg ciklusa obuke koji \u0107e zapo\u010deti u&nbsp;<strong>kolovozu\/rujnu 2023.<\/strong>&nbsp;godine, novi pozivi za polaznike obuke i mentore bit \u0107e otvoreni kako slijedi:<\/p>\n\n\n\n<ul class=\"wp-block-list\">\n<li>Poziv za polaznike obuke: od&nbsp;<strong>2.3.-14.4.2023.<\/strong><\/li>\n\n\n\n<li>Poziv za mentore: od&nbsp;<strong>22.5.-7.6.2023<\/strong>.<\/li>\n\n\n\n<li>Informativni webinar za kandidate odr\u017eat \u0107e se&nbsp;<strong>2.3.2023.<\/strong>&nbsp;(<a href=\"https:\/\/www.eventbrite.co.uk\/e\/how-can-cities-finance-energy-transition-when-subsidies-are-limited-tickets-537683926097\" target=\"_blank\" rel=\"noreferrer noopener\">poveznica za registraciju<\/a>).<\/li>\n<\/ul>\n\n\n\n<p>Sve informacije o pozivu na podno\u0161enje prijava bit \u0107e objavljene na&nbsp;<a href=\"https:\/\/h2020prospect.eu\/\" target=\"_blank\" rel=\"noreferrer noopener\">web stranici PROSPECT+<\/a>&nbsp;i Linkedln stranici&nbsp;<a href=\"https:\/\/www.linkedin.com\/company\/peerpoweredcitiesandregions\/\" target=\"_blank\" rel=\"noreferrer noopener\">Izgradnja kapaciteta za gradove i regije PROSPECT+<\/a><\/p>\n\n\n\n<p>Od 2017. godine PROSPECT+ pru\u017eio je pomo\u0107 za 250 gradova i regija.<\/p>","protected":false},"excerpt":{"rendered":"<p>U okviru programa PROSPECT+, projekta izgradnje kapaciteta, otvora se poziv gradovima, regijama i lokalnim energetskim agencijama za pobolj\u0161anje financijskih kapaciteta potrebnih za provedbu akcijskih planova za odr\u017eivu energiju i klimu, a sve u cilju&nbsp; ostvarivanja klimatskih i energetskih ciljevi EU-a. Zbog teku\u0107e energetske krize klimatski i energetski ciljevi Europske unije sve su ambiciozniji, \u0161to pred [&hellip;]<\/p>","protected":false},"author":1,"featured_media":11255,"comment_status":"closed","ping_status":"open","sticky":false,"template":"","format":"standard","meta":{"_et_pb_use_builder":"","_et_pb_old_content":"","_et_gb_content_width":"","footnotes":""},"categories":[6,4],"tags":[],"class_list":["post-11253","post","type-post","status-publish","format-standard","has-post-thumbnail","hentry","category-natjecaji","category-vijesti"],"_links":{"self":[{"href":"https:\/\/www.ra-vsz.hr\/en\/wp-json\/wp\/v2\/posts\/11253","targetHints":{"allow":["GET"]}}],"collection":[{"href":"https:\/\/www.ra-vsz.hr\/en\/wp-json\/wp\/v2\/posts"}],"about":[{"href":"https:\/\/www.ra-vsz.hr\/en\/wp-json\/wp\/v2\/types\/post"}],"author":[{"embeddable":true,"href":"https:\/\/www.ra-vsz.hr\/en\/wp-json\/wp\/v2\/users\/1"}],"replies":[{"embeddable":true,"href":"https:\/\/www.ra-vsz.hr\/en\/wp-json\/wp\/v2\/comments?post=11253"}],"version-history":[{"count":1,"href":"https:\/\/www.ra-vsz.hr\/en\/wp-json\/wp\/v2\/posts\/11253\/revisions"}],"predecessor-version":[{"id":11256,"href":"https:\/\/www.ra-vsz.hr\/en\/wp-json\/wp\/v2\/posts\/11253\/revisions\/11256"}],"wp:featuredmedia":[{"embeddable":true,"href":"https:\/\/www.ra-vsz.hr\/en\/wp-json\/wp\/v2\/media\/11255"}],"wp:attachment":[{"href":"https:\/\/www.ra-vsz.hr\/en\/wp-json\/wp\/v2\/media?parent=11253"}],"wp:term":[{"taxonomy":"category","embeddable":true,"href":"https:\/\/www.ra-vsz.hr\/en\/wp-json\/wp\/v2\/categories?post=11253"},{"taxonomy":"post_tag","embeddable":true,"href":"https:\/\/www.ra-vsz.hr\/en\/wp-json\/wp\/v2\/tags?post=11253"}],"curies":[{"name":"wp","href":"https:\/\/api.w.org\/{rel}","templated":true}]}}