{"id":11245,"date":"2023-02-20T09:47:19","date_gmt":"2023-02-20T09:47:19","guid":{"rendered":"https:\/\/www.ra-vsz.hr\/?p=11245"},"modified":"2023-02-20T09:47:24","modified_gmt":"2023-02-20T09:47:24","slug":"pozivni-natjecaj-za-dodjelu-nagrade-vladimir-nazor-za-2022-godinu","status":"publish","type":"post","link":"https:\/\/www.ra-vsz.hr\/en\/pozivni-natjecaj-za-dodjelu-nagrade-vladimir-nazor-za-2022-godinu\/","title":{"rendered":"Pozivni natje\u010daj za dodjelu Nagrade \u201eVladimir Nazor\u201c za 2022. godinu"},"content":{"rendered":"<p>Ministarstvo kulture i medija objavilo je Pozivni natje\u010daj za dodjelu Nagrada \u201eVladimir Nazor\u201c za najbolja umjetni\u010dka ostvarenja u Republici Hrvatskoj na podru\u010dju knji\u017eevnosti, glazbe, filma, likovnih i primijenjenih umjetnosti, kazali\u0161ne umjetnosti te arhitekture i urbanizma za 2022. godinu.<\/p>\n\n\n\n<p>Nagrada se dodjeljuje kao:<\/p>\n\n\n\n<p>&#8211; godi\u0161nja nagrada za najbolja umjetni\u010dka ostvarenja koja su bila objavljena, izlo\u017eena, prikazana ili izvedena tijekom 2022. godine u Republici Hrvatskoj. Godi\u0161nja nagrada mo\u017ee se dodijeliti pojedincu ili grupi umjetnika za zajedni\u010dka umjetni\u010dka ostvarenja;<\/p>\n\n\n\n<p>&#8211; nagrada za \u017eivotno djelo istaknutim umjetnicima koji su svojim stvarala\u0161tvom obilje\u017eili vrijeme u kojemu su djelovali i \u010diji je stvarala\u010dki put zaokru\u017een, a djela i ostvarenja ostaju trajno dobro Republike Hrvatske.<\/p>\n\n\n\n<p>Prijedloge za dodjelu Nagrade \u201eVladimir Nazor\u201c mogu davati ustanove, trgova\u010dka dru\u0161tva i druge zainteresirane organizacije i institucije, strukovne udruge, gra\u0111ani i njihova udru\u017eenja te kulturni stvaraoci i djelatnici pojedina\u010dno. Rok za predaju prijedloga: 20. o\u017eujka 2023. godine.<\/p>\n\n\n\n<p>Prijedlozi se upu\u0107uju do 20. o\u017eujka 2023. godine isklju\u010divo u elektroni\u010dkom obliku na adresu: <a href=\"mailto:nagradavladimirnazor@min-kulture.hr\">nagradavladimirnazor@min-kulture.hr<\/a><\/p>\n\n\n\n<p>Vi\u0161e o samom natje\u010daju mo\u017eete prona\u0107i na <a href=\"https:\/\/min-kulture.gov.hr\/natjecaji-16274\/javni-pozivi-404\/pozivni-natjecaj-za-dodjelu-nagrade-vladimir-nazor-za-2022-godinu-rok-20-ozujka-2023\/23533\" target=\"_blank\" rel=\"noopener\">poveznici<\/a>.<\/p>","protected":false},"excerpt":{"rendered":"<p>Ministarstvo kulture i medija objavilo je Pozivni natje\u010daj za dodjelu Nagrada \u201eVladimir Nazor\u201c za najbolja umjetni\u010dka ostvarenja u Republici Hrvatskoj na podru\u010dju knji\u017eevnosti, glazbe, filma, likovnih i primijenjenih umjetnosti, kazali\u0161ne umjetnosti te arhitekture i urbanizma za 2022. godinu. Nagrada se dodjeljuje kao: &#8211; godi\u0161nja nagrada za najbolja umjetni\u010dka ostvarenja koja su bila objavljena, izlo\u017eena, prikazana [&hellip;]<\/p>","protected":false},"author":1,"featured_media":11246,"comment_status":"closed","ping_status":"open","sticky":false,"template":"","format":"standard","meta":{"_et_pb_use_builder":"","_et_pb_old_content":"","_et_gb_content_width":"","footnotes":""},"categories":[6,4],"tags":[],"class_list":["post-11245","post","type-post","status-publish","format-standard","has-post-thumbnail","hentry","category-natjecaji","category-vijesti"],"_links":{"self":[{"href":"https:\/\/www.ra-vsz.hr\/en\/wp-json\/wp\/v2\/posts\/11245","targetHints":{"allow":["GET"]}}],"collection":[{"href":"https:\/\/www.ra-vsz.hr\/en\/wp-json\/wp\/v2\/posts"}],"about":[{"href":"https:\/\/www.ra-vsz.hr\/en\/wp-json\/wp\/v2\/types\/post"}],"author":[{"embeddable":true,"href":"https:\/\/www.ra-vsz.hr\/en\/wp-json\/wp\/v2\/users\/1"}],"replies":[{"embeddable":true,"href":"https:\/\/www.ra-vsz.hr\/en\/wp-json\/wp\/v2\/comments?post=11245"}],"version-history":[{"count":1,"href":"https:\/\/www.ra-vsz.hr\/en\/wp-json\/wp\/v2\/posts\/11245\/revisions"}],"predecessor-version":[{"id":11247,"href":"https:\/\/www.ra-vsz.hr\/en\/wp-json\/wp\/v2\/posts\/11245\/revisions\/11247"}],"wp:featuredmedia":[{"embeddable":true,"href":"https:\/\/www.ra-vsz.hr\/en\/wp-json\/wp\/v2\/media\/11246"}],"wp:attachment":[{"href":"https:\/\/www.ra-vsz.hr\/en\/wp-json\/wp\/v2\/media?parent=11245"}],"wp:term":[{"taxonomy":"category","embeddable":true,"href":"https:\/\/www.ra-vsz.hr\/en\/wp-json\/wp\/v2\/categories?post=11245"},{"taxonomy":"post_tag","embeddable":true,"href":"https:\/\/www.ra-vsz.hr\/en\/wp-json\/wp\/v2\/tags?post=11245"}],"curies":[{"name":"wp","href":"https:\/\/api.w.org\/{rel}","templated":true}]}}