{"id":11242,"date":"2023-02-17T13:03:20","date_gmt":"2023-02-17T13:03:20","guid":{"rendered":"https:\/\/www.ra-vsz.hr\/?p=11242"},"modified":"2023-02-17T13:03:23","modified_gmt":"2023-02-17T13:03:23","slug":"javni-poziv-za-sufinanciranje-projekata-jls-a-za-poticanje-razvoja-komunalnog-gospodarstva-i-ujednacavanje-komunalnog-standarda","status":"publish","type":"post","link":"https:\/\/www.ra-vsz.hr\/en\/javni-poziv-za-sufinanciranje-projekata-jls-a-za-poticanje-razvoja-komunalnog-gospodarstva-i-ujednacavanje-komunalnog-standarda\/","title":{"rendered":"Javni poziv za sufinanciranje projekata JLS-a za poticanje razvoja komunalnog gospodarstva i ujedna\u010davanje komunalnog standarda"},"content":{"rendered":"<p>U cilju poticanja razvoja komunalnog gospodarstva i ujedna\u010davanja komunalnog standarda na podru\u010djima jedinica lokalne samouprave, Potpredsjednik Vlade i ministar prostornoga ure\u0111enja, graditeljstva i dr\u017eavne imovine donio je Odluku o raspisivanju&nbsp;<strong>javnog poziva za sufinanciranje projekata gradova i op\u0107ina za poticanje razvoja komunalnog gospodarstva<\/strong>&nbsp;i ujedna\u010davanje komunalnog standarda u 2023. godini.<\/p>\n\n\n\n<p>Pozivaju se svi zainteresirani prihvatljivi podnositelji na dostavu zahtjeva za sufinanciranje projekata koji \u0107e poticati ili pridonositi boljem obavljanju kako komunalnih djelatnosti i pru\u017eanju odnosno isporuci komunalnih usluga, tako i aktivnosti na realizaciji svih drugih projekata koji \u0107e pridonijeti pobolj\u0161anju javnih usluga i ve\u0107oj kvaliteti \u017eivljenja stanovnika na podru\u010dju pojedine jedinice lokalne samouprave.<\/p>\n\n\n\n<p><strong>Prihvatljivi podnositelji<\/strong>&nbsp;zahtjeva su jedinice lokalne samouprave I. do VI. skupine (prema Odluci o razvrstavanju jedinica lokalne i podru\u010dne (regionalne) samouprave prema stupnju razvijenosti (Narodne novine, broj 132\/17)).<\/p>\n\n\n\n<p><strong>Prihvatljivi projekti<\/strong>&nbsp;su projekti \u010dija realizacija poti\u010de ili pridonosi boljem obavljanju kako komunalnih djelatnosti i pru\u017eanju odnosno isporuci komunalnih usluga, tako i svih drugih aktivnosti koje pridonose podizanju razine javnih usluga i kvalitete \u017eivljenja stanovni\u0161tva na podru\u010dju prihvatljivih podnositelja.<\/p>\n\n\n\n<p>Prihvatljive aktivnosti su:<\/p>\n\n\n\n<ul class=\"wp-block-list\">\n<li>izrada projektne i druge tehni\u010dke dokumentacije za izvo\u0111enje objekata i ure\u0111aja komunalne infrastrukture i izvo\u0111enje ve\u0107ih zahvata na investicijskom odr\u017eavanju komunalne infrastrukture;<\/li>\n\n\n\n<li>izvo\u0111enje radova i ugradnja ure\u0111aja komunalne infrastrukture, izvo\u0111enje radova na investicijskom odr\u017eavanju komunalne infrastrukture te ure\u0111enje javnih povr\u0161ina, nerazvrstanih cesta, javne rasvjete i drugih javnih prostora i drugih objekata koji pridonose podizanju razine javnih usluga i pobolj\u0161anju kvalitete \u017eivljenja u naseljima jedinice lokalne samouprave;<\/li>\n\n\n\n<li>tro\u0161kovi stru\u010dnog nadzora nad izvo\u0111enjem radova;<\/li>\n\n\n\n<li>nabava opreme i strojeva kojom \u0107e se znatno pobolj\u0161ati kvaliteta isporuke komunalne usluge, komunalnog standarda odnosno obavljanje odre\u0111ene komunalne djelatnosti te nabavka druge komunalne opreme za javne povr\u0161ine naselja.<\/li>\n<\/ul>\n\n\n\n<p>Prihvatljivo razdoblje provedbe projekta: prihvatljive su aktivnosti na projektima koje se provode u razdoblju od 1. sije\u010dnja 2023. do 31. prosinca 2023. godine.<\/p>\n\n\n\n<p><strong>Rok za podno\u0161enje zahtjeva je 30 dana od objave poziva.&nbsp;<\/strong><\/p>\n\n\n\n<p>Vi\u0161e informacija&nbsp;mo\u017eete prona\u0107i na&nbsp;<a href=\"https:\/\/mpgi.gov.hr\/o-ministarstvu\/djelokrug\/komunalno-gospodarstvo-8131\/financiranje-projekata-za-poticanje-razvoja-komunalnog-gospodarstva-i-komunalnog-standarda\/financiranje-projekata-u-2023-godini\/15128\" target=\"_blank\" rel=\"noreferrer noopener\">poveznici<\/a>.<\/p>","protected":false},"excerpt":{"rendered":"<p>U cilju poticanja razvoja komunalnog gospodarstva i ujedna\u010davanja komunalnog standarda na podru\u010djima jedinica lokalne samouprave, Potpredsjednik Vlade i ministar prostornoga ure\u0111enja, graditeljstva i dr\u017eavne imovine donio je Odluku o raspisivanju&nbsp;javnog poziva za sufinanciranje projekata gradova i op\u0107ina za poticanje razvoja komunalnog gospodarstva&nbsp;i ujedna\u010davanje komunalnog standarda u 2023. godini. Pozivaju se svi zainteresirani prihvatljivi podnositelji na [&hellip;]<\/p>","protected":false},"author":1,"featured_media":11243,"comment_status":"closed","ping_status":"open","sticky":false,"template":"","format":"standard","meta":{"_et_pb_use_builder":"","_et_pb_old_content":"","_et_gb_content_width":"","footnotes":""},"categories":[6,4],"tags":[],"class_list":["post-11242","post","type-post","status-publish","format-standard","has-post-thumbnail","hentry","category-natjecaji","category-vijesti"],"_links":{"self":[{"href":"https:\/\/www.ra-vsz.hr\/en\/wp-json\/wp\/v2\/posts\/11242","targetHints":{"allow":["GET"]}}],"collection":[{"href":"https:\/\/www.ra-vsz.hr\/en\/wp-json\/wp\/v2\/posts"}],"about":[{"href":"https:\/\/www.ra-vsz.hr\/en\/wp-json\/wp\/v2\/types\/post"}],"author":[{"embeddable":true,"href":"https:\/\/www.ra-vsz.hr\/en\/wp-json\/wp\/v2\/users\/1"}],"replies":[{"embeddable":true,"href":"https:\/\/www.ra-vsz.hr\/en\/wp-json\/wp\/v2\/comments?post=11242"}],"version-history":[{"count":1,"href":"https:\/\/www.ra-vsz.hr\/en\/wp-json\/wp\/v2\/posts\/11242\/revisions"}],"predecessor-version":[{"id":11244,"href":"https:\/\/www.ra-vsz.hr\/en\/wp-json\/wp\/v2\/posts\/11242\/revisions\/11244"}],"wp:featuredmedia":[{"embeddable":true,"href":"https:\/\/www.ra-vsz.hr\/en\/wp-json\/wp\/v2\/media\/11243"}],"wp:attachment":[{"href":"https:\/\/www.ra-vsz.hr\/en\/wp-json\/wp\/v2\/media?parent=11242"}],"wp:term":[{"taxonomy":"category","embeddable":true,"href":"https:\/\/www.ra-vsz.hr\/en\/wp-json\/wp\/v2\/categories?post=11242"},{"taxonomy":"post_tag","embeddable":true,"href":"https:\/\/www.ra-vsz.hr\/en\/wp-json\/wp\/v2\/tags?post=11242"}],"curies":[{"name":"wp","href":"https:\/\/api.w.org\/{rel}","templated":true}]}}