{"id":11239,"date":"2023-02-17T12:53:40","date_gmt":"2023-02-17T12:53:40","guid":{"rendered":"https:\/\/www.ra-vsz.hr\/?p=11239"},"modified":"2023-02-17T12:53:43","modified_gmt":"2023-02-17T12:53:43","slug":"mehanizam-unije-civilne-zastite","status":"publish","type":"post","link":"https:\/\/www.ra-vsz.hr\/en\/mehanizam-unije-civilne-zastite\/","title":{"rendered":"Mehanizam Unije civilne za\u0161tite"},"content":{"rendered":"<p>Mehanizam Unije za civilnu za\u0161titu usmjeren je na ja\u010danje suradnje izme\u0111u Unije i dr\u017eava \u010dlanica i olak\u0161avanje koordinacije u podru\u010dju civilne za\u0161tite kako bi se pobolj\u0161ala u\u010dinkovitost sustava za prevenciju, pripremu i odgovor na prirodne katastrofe i katastrofe uzrokovane ljudskim djelovanjem.<\/p>\n\n\n\n<p>Poziv je otvoren 19. sije\u010dnja 2023. godine i traje do 20. travnja 2023. godine.<\/p>\n\n\n\n<p>Ukupni prora\u010dun namijenjen za sufinanciranje projekata u okviru dodjele bespovratnih sredstava iznosi 7.100.000 EUR, a dok minimalni i maksimalni iznos nije definiran. Stopa sufinanciranja iznosi 75%.<\/p>\n\n\n\n<p>Prihvatljivi korisnici (i povezani subjekti):<br>\u2022 pravne osobe koje podlije\u017eu privatnom ili javnom pravu<br>\u2022 Imaju poslovno sjedi\u0161te u jednoj od zemalja koje ispunjavaju uvjete, tj. dr\u017eave \u010dlanice EU (uklju\u010duju\u0107i prekomorske zemlje), dr\u017eave sudionice UCPM-a: Albanija, Bosna i Hercegovina, Island, Crna Gora, Sjeverna Makedonija, Norve\u0161ka, Srbija, Turska;<\/p>\n\n\n\n<p>Vi\u0161e na\u00a0<a href=\"https:\/\/civil-protection-humanitarian-aid.ec.europa.eu\/funding-evaluations\/financing-civil-protection\/calls-proposals_en\" target=\"_blank\" rel=\"noreferrer noopener\">poveznici<\/a>.<\/p>","protected":false},"excerpt":{"rendered":"<p>Mehanizam Unije za civilnu za\u0161titu usmjeren je na ja\u010danje suradnje izme\u0111u Unije i dr\u017eava \u010dlanica i olak\u0161avanje koordinacije u podru\u010dju civilne za\u0161tite kako bi se pobolj\u0161ala u\u010dinkovitost sustava za prevenciju, pripremu i odgovor na prirodne katastrofe i katastrofe uzrokovane ljudskim djelovanjem. Poziv je otvoren 19. sije\u010dnja 2023. godine i traje do 20. travnja 2023. godine. [&hellip;]<\/p>","protected":false},"author":1,"featured_media":11240,"comment_status":"closed","ping_status":"open","sticky":false,"template":"","format":"standard","meta":{"_et_pb_use_builder":"","_et_pb_old_content":"","_et_gb_content_width":"","footnotes":""},"categories":[6,4],"tags":[],"class_list":["post-11239","post","type-post","status-publish","format-standard","has-post-thumbnail","hentry","category-natjecaji","category-vijesti"],"_links":{"self":[{"href":"https:\/\/www.ra-vsz.hr\/en\/wp-json\/wp\/v2\/posts\/11239","targetHints":{"allow":["GET"]}}],"collection":[{"href":"https:\/\/www.ra-vsz.hr\/en\/wp-json\/wp\/v2\/posts"}],"about":[{"href":"https:\/\/www.ra-vsz.hr\/en\/wp-json\/wp\/v2\/types\/post"}],"author":[{"embeddable":true,"href":"https:\/\/www.ra-vsz.hr\/en\/wp-json\/wp\/v2\/users\/1"}],"replies":[{"embeddable":true,"href":"https:\/\/www.ra-vsz.hr\/en\/wp-json\/wp\/v2\/comments?post=11239"}],"version-history":[{"count":1,"href":"https:\/\/www.ra-vsz.hr\/en\/wp-json\/wp\/v2\/posts\/11239\/revisions"}],"predecessor-version":[{"id":11241,"href":"https:\/\/www.ra-vsz.hr\/en\/wp-json\/wp\/v2\/posts\/11239\/revisions\/11241"}],"wp:featuredmedia":[{"embeddable":true,"href":"https:\/\/www.ra-vsz.hr\/en\/wp-json\/wp\/v2\/media\/11240"}],"wp:attachment":[{"href":"https:\/\/www.ra-vsz.hr\/en\/wp-json\/wp\/v2\/media?parent=11239"}],"wp:term":[{"taxonomy":"category","embeddable":true,"href":"https:\/\/www.ra-vsz.hr\/en\/wp-json\/wp\/v2\/categories?post=11239"},{"taxonomy":"post_tag","embeddable":true,"href":"https:\/\/www.ra-vsz.hr\/en\/wp-json\/wp\/v2\/tags?post=11239"}],"curies":[{"name":"wp","href":"https:\/\/api.w.org\/{rel}","templated":true}]}}