{"id":11236,"date":"2023-02-17T12:48:41","date_gmt":"2023-02-17T12:48:41","guid":{"rendered":"https:\/\/www.ra-vsz.hr\/?p=11236"},"modified":"2023-02-17T12:48:44","modified_gmt":"2023-02-17T12:48:44","slug":"poziv-na-nacionalni-erasmus-sport-info-dan","status":"publish","type":"post","link":"https:\/\/www.ra-vsz.hr\/en\/poziv-na-nacionalni-erasmus-sport-info-dan\/","title":{"rendered":"Poziv na nacionalni Erasmus + Sport Info Dan"},"content":{"rendered":"<p>Ministarstvo turizma i sporta poziva sve potencijalne prijavitelje na natje\u010daj Erasmus+ Sport na sudjelovanje na nacionalnom Info danu koji \u0107e se odr\u017eati&nbsp;28. velja\u010de 2023. godine&nbsp;u zgradi Ministarstva turizma i sporta, \u0160ubi\u0107eva 29 (Velika dvorana, suteren) od 10.00 do 12.30 sati.<\/p>\n\n\n\n<p>Cilj&nbsp;Info dana&nbsp;&nbsp;je podizanje svijesti o mogu\u0107nostima koje pru\u017ea program Erasmus+ Sport kako bi se potaknuli relevantni dionici&nbsp;na kori\u0161tenje EU potpora za razvoj suradnje u podru\u010dju sporta.<br>Na Info danu mogu sudjelovati svi zainteresirani predstavnici neprofitnih sportskih organizacija i drugih prihvatljivih prijavitelja, kao \u0161to su jedinice lokalne i podru\u010dne samouprave te neprofitne javne odgojno \u2013 obrazovne ustanove.<br>&nbsp;<br>Za sudjelovanje na doga\u0111anju potrebno se prijaviti putem sljede\u0107eg linka:<br><a href=\"https:\/\/docs.google.com\/forms\/d\/1KMLVQnNxOF7c9d96cU-5yvIK2RHRQj3bQUGAplh8a9I\/edit\" target=\"_blank\" rel=\"noopener\">https:\/\/docs.google.com\/forms\/d\/1KMLVQnNxOF7c9d96cU-5yvIK2RHRQj3bQUGAplh8a9I\/edit<\/a><br>&nbsp;<br>Vi\u0161e informacija o samom pozivu mo\u017eete prona\u0107i na mre\u017enim stranicama Ministarstva turizma i sporta:<br><a href=\"https:\/\/mint.gov.hr\/vijesti\/europska-komisija-objavila-je-poziv-na-podnosenje-prijedloga-za-program-erasmus-sport-za-2023-godinu\/23289\" target=\"_blank\" rel=\"noopener\">https:\/\/mint.gov.hr\/vijesti\/europska-komisija-objavila-je-poziv-na-podnosenje-prijedloga-za-program-erasmus-sport-za-2023-godinu\/23289<\/a><br>&nbsp;<br>Program Info dana nalazi se&nbsp;<a href=\"https:\/\/mint.gov.hr\/UserDocsImages\/2023_dokumenti\/230216_ProgramE_Sport.pdf\" target=\"_blank\" rel=\"noreferrer noopener\">ovdje<\/a>.<\/p>","protected":false},"excerpt":{"rendered":"<p>Ministarstvo turizma i sporta poziva sve potencijalne prijavitelje na natje\u010daj Erasmus+ Sport na sudjelovanje na nacionalnom Info danu koji \u0107e se odr\u017eati&nbsp;28. velja\u010de 2023. godine&nbsp;u zgradi Ministarstva turizma i sporta, \u0160ubi\u0107eva 29 (Velika dvorana, suteren) od 10.00 do 12.30 sati. Cilj&nbsp;Info dana&nbsp;&nbsp;je podizanje svijesti o mogu\u0107nostima koje pru\u017ea program Erasmus+ Sport kako bi se potaknuli [&hellip;]<\/p>","protected":false},"author":1,"featured_media":11237,"comment_status":"closed","ping_status":"open","sticky":false,"template":"","format":"standard","meta":{"_et_pb_use_builder":"","_et_pb_old_content":"","_et_gb_content_width":"","footnotes":""},"categories":[4,6],"tags":[],"class_list":["post-11236","post","type-post","status-publish","format-standard","has-post-thumbnail","hentry","category-vijesti","category-natjecaji"],"_links":{"self":[{"href":"https:\/\/www.ra-vsz.hr\/en\/wp-json\/wp\/v2\/posts\/11236","targetHints":{"allow":["GET"]}}],"collection":[{"href":"https:\/\/www.ra-vsz.hr\/en\/wp-json\/wp\/v2\/posts"}],"about":[{"href":"https:\/\/www.ra-vsz.hr\/en\/wp-json\/wp\/v2\/types\/post"}],"author":[{"embeddable":true,"href":"https:\/\/www.ra-vsz.hr\/en\/wp-json\/wp\/v2\/users\/1"}],"replies":[{"embeddable":true,"href":"https:\/\/www.ra-vsz.hr\/en\/wp-json\/wp\/v2\/comments?post=11236"}],"version-history":[{"count":1,"href":"https:\/\/www.ra-vsz.hr\/en\/wp-json\/wp\/v2\/posts\/11236\/revisions"}],"predecessor-version":[{"id":11238,"href":"https:\/\/www.ra-vsz.hr\/en\/wp-json\/wp\/v2\/posts\/11236\/revisions\/11238"}],"wp:featuredmedia":[{"embeddable":true,"href":"https:\/\/www.ra-vsz.hr\/en\/wp-json\/wp\/v2\/media\/11237"}],"wp:attachment":[{"href":"https:\/\/www.ra-vsz.hr\/en\/wp-json\/wp\/v2\/media?parent=11236"}],"wp:term":[{"taxonomy":"category","embeddable":true,"href":"https:\/\/www.ra-vsz.hr\/en\/wp-json\/wp\/v2\/categories?post=11236"},{"taxonomy":"post_tag","embeddable":true,"href":"https:\/\/www.ra-vsz.hr\/en\/wp-json\/wp\/v2\/tags?post=11236"}],"curies":[{"name":"wp","href":"https:\/\/api.w.org\/{rel}","templated":true}]}}