{"id":11231,"date":"2023-02-15T13:38:22","date_gmt":"2023-02-15T13:38:22","guid":{"rendered":"https:\/\/www.ra-vsz.hr\/?p=11231"},"modified":"2023-02-15T13:38:25","modified_gmt":"2023-02-15T13:38:25","slug":"javni-poziv-za-sufinanciranje-izgradnje-postavljanja-ili-uredenja-spomen-obiljezja-zrtvama-stradalim-u-domovinskom-ratu-u-2023-godini","status":"publish","type":"post","link":"https:\/\/www.ra-vsz.hr\/en\/javni-poziv-za-sufinanciranje-izgradnje-postavljanja-ili-uredenja-spomen-obiljezja-zrtvama-stradalim-u-domovinskom-ratu-u-2023-godini\/","title":{"rendered":"Javni poziv za sufinanciranje izgradnje, postavljanja ili ure\u0111enja spomen-obilje\u017eja \u017ertvama stradalim u Domovinskom ratu u 2023. godini"},"content":{"rendered":"<p>S namjerom o\u010duvanja sje\u0107anja na ljude i doga\u0111aje iz Domovinskog rata kroz gradnju objekata memorijalnog karaktera, Ministarstvo hrvatskih branitelja objavljuje Javni poziv za sufinanciranje izgradnje, postavljanja ili ure\u0111enja spomen-obilje\u017eja \u017ertvama stradalim u Domovinskom ratu sredstvima Dr\u017eavnog prora\u010duna Republike Hrvatske u 2023. godini.<\/p>\n\n\n\n<p>Navedeni javni poziv otvoren je u razdoblju od 14. velja\u010de do 14. travnja 2023. godine.<\/p>\n\n\n\n<p>Vi\u0161e informacija na sljede\u0107oj <a href=\"https:\/\/branitelji.gov.hr\/vijesti\/javni-poziv-za-sufinanciranje-izgradnje-postavljanja-ili-uredjenja-spomen-obiljezja-zrtvama-stradalim-u-domovinskom-ratu-u-2023-godini-4292\/4292\" target=\"_blank\" rel=\"noopener\">poveznici<\/a>.<\/p>","protected":false},"excerpt":{"rendered":"<p>S namjerom o\u010duvanja sje\u0107anja na ljude i doga\u0111aje iz Domovinskog rata kroz gradnju objekata memorijalnog karaktera, Ministarstvo hrvatskih branitelja objavljuje Javni poziv za sufinanciranje izgradnje, postavljanja ili ure\u0111enja spomen-obilje\u017eja \u017ertvama stradalim u Domovinskom ratu sredstvima Dr\u017eavnog prora\u010duna Republike Hrvatske u 2023. godini. Navedeni javni poziv otvoren je u razdoblju od 14. velja\u010de do 14. travnja [&hellip;]<\/p>","protected":false},"author":1,"featured_media":0,"comment_status":"closed","ping_status":"open","sticky":false,"template":"","format":"standard","meta":{"_et_pb_use_builder":"","_et_pb_old_content":"","_et_gb_content_width":"","footnotes":""},"categories":[6,4],"tags":[],"class_list":["post-11231","post","type-post","status-publish","format-standard","hentry","category-natjecaji","category-vijesti"],"_links":{"self":[{"href":"https:\/\/www.ra-vsz.hr\/en\/wp-json\/wp\/v2\/posts\/11231","targetHints":{"allow":["GET"]}}],"collection":[{"href":"https:\/\/www.ra-vsz.hr\/en\/wp-json\/wp\/v2\/posts"}],"about":[{"href":"https:\/\/www.ra-vsz.hr\/en\/wp-json\/wp\/v2\/types\/post"}],"author":[{"embeddable":true,"href":"https:\/\/www.ra-vsz.hr\/en\/wp-json\/wp\/v2\/users\/1"}],"replies":[{"embeddable":true,"href":"https:\/\/www.ra-vsz.hr\/en\/wp-json\/wp\/v2\/comments?post=11231"}],"version-history":[{"count":1,"href":"https:\/\/www.ra-vsz.hr\/en\/wp-json\/wp\/v2\/posts\/11231\/revisions"}],"predecessor-version":[{"id":11232,"href":"https:\/\/www.ra-vsz.hr\/en\/wp-json\/wp\/v2\/posts\/11231\/revisions\/11232"}],"wp:attachment":[{"href":"https:\/\/www.ra-vsz.hr\/en\/wp-json\/wp\/v2\/media?parent=11231"}],"wp:term":[{"taxonomy":"category","embeddable":true,"href":"https:\/\/www.ra-vsz.hr\/en\/wp-json\/wp\/v2\/categories?post=11231"},{"taxonomy":"post_tag","embeddable":true,"href":"https:\/\/www.ra-vsz.hr\/en\/wp-json\/wp\/v2\/tags?post=11231"}],"curies":[{"name":"wp","href":"https:\/\/api.w.org\/{rel}","templated":true}]}}