{"id":11229,"date":"2023-02-14T13:21:32","date_gmt":"2023-02-14T13:21:32","guid":{"rendered":"https:\/\/www.ra-vsz.hr\/?p=11229"},"modified":"2023-02-14T13:21:34","modified_gmt":"2023-02-14T13:21:34","slug":"javni-poziv-za-dodjelu-potpora-za-samozaposljavanje-u-2023-godini","status":"publish","type":"post","link":"https:\/\/www.ra-vsz.hr\/en\/javni-poziv-za-dodjelu-potpora-za-samozaposljavanje-u-2023-godini\/","title":{"rendered":"Javni poziv za dodjelu potpora za samozapo\u0161ljavanje u 2023. godini"},"content":{"rendered":"<p>U cilju provedbe Programa stru\u010dnog osposobljavanja i zapo\u0161ljavanja hrvatskih branitelja i \u010dlanova njihovih obitelji za razdoblje od 2021. do 2023. godine, Ministarstvo hrvatskih branitelja objavilo je Javni poziv za dodjelu potpora za samozapo\u0161ljavanje u 2023. godini, koji je otvoren&nbsp;od 14. velja\u010de do 16. o\u017eujka 2023. godine.<\/p>\n\n\n\n<p>Tekst javnog poziva, kao i pripadaju\u0107i obrasci i popratna dokumentacija, dostupni su na mre\u017enoj &nbsp;stranici Ministarstva hrvatskih branitelja u dijelu&nbsp;<a href=\"https:\/\/branitelji.gov.hr\/o-ministarstvu-15\/javne-rasprave\/javni-pozivi\/aktualni-javni-pozivi\/919\" target=\"_blank\" rel=\"noopener\"><em><strong>Aktualni javni pozivi<\/strong><\/em><\/a>, u Ministarstvu hrvatskih branitelja te u Podru\u010dnim odjelima&nbsp;<a href=\"https:\/\/branitelji.gov.hr\/o-ministarstvu\/djelokrug-ministarstva-925\/direktna-komunikacija-959\/centri-za-psihosocijalnu-pomoc-i-podrucne-jedinice-ministarstva-731\/731\" target=\"_blank\" rel=\"noopener\">&nbsp;<strong>Ministarstva u \u017eupanijama.<\/strong><\/a><\/p>","protected":false},"excerpt":{"rendered":"<p>U cilju provedbe Programa stru\u010dnog osposobljavanja i zapo\u0161ljavanja hrvatskih branitelja i \u010dlanova njihovih obitelji za razdoblje od 2021. do 2023. godine, Ministarstvo hrvatskih branitelja objavilo je Javni poziv za dodjelu potpora za samozapo\u0161ljavanje u 2023. godini, koji je otvoren&nbsp;od 14. velja\u010de do 16. o\u017eujka 2023. godine. Tekst javnog poziva, kao i pripadaju\u0107i obrasci i popratna [&hellip;]<\/p>","protected":false},"author":1,"featured_media":0,"comment_status":"closed","ping_status":"open","sticky":false,"template":"","format":"standard","meta":{"_et_pb_use_builder":"","_et_pb_old_content":"","_et_gb_content_width":"","footnotes":""},"categories":[6,4],"tags":[],"class_list":["post-11229","post","type-post","status-publish","format-standard","hentry","category-natjecaji","category-vijesti"],"_links":{"self":[{"href":"https:\/\/www.ra-vsz.hr\/en\/wp-json\/wp\/v2\/posts\/11229","targetHints":{"allow":["GET"]}}],"collection":[{"href":"https:\/\/www.ra-vsz.hr\/en\/wp-json\/wp\/v2\/posts"}],"about":[{"href":"https:\/\/www.ra-vsz.hr\/en\/wp-json\/wp\/v2\/types\/post"}],"author":[{"embeddable":true,"href":"https:\/\/www.ra-vsz.hr\/en\/wp-json\/wp\/v2\/users\/1"}],"replies":[{"embeddable":true,"href":"https:\/\/www.ra-vsz.hr\/en\/wp-json\/wp\/v2\/comments?post=11229"}],"version-history":[{"count":1,"href":"https:\/\/www.ra-vsz.hr\/en\/wp-json\/wp\/v2\/posts\/11229\/revisions"}],"predecessor-version":[{"id":11230,"href":"https:\/\/www.ra-vsz.hr\/en\/wp-json\/wp\/v2\/posts\/11229\/revisions\/11230"}],"wp:attachment":[{"href":"https:\/\/www.ra-vsz.hr\/en\/wp-json\/wp\/v2\/media?parent=11229"}],"wp:term":[{"taxonomy":"category","embeddable":true,"href":"https:\/\/www.ra-vsz.hr\/en\/wp-json\/wp\/v2\/categories?post=11229"},{"taxonomy":"post_tag","embeddable":true,"href":"https:\/\/www.ra-vsz.hr\/en\/wp-json\/wp\/v2\/tags?post=11229"}],"curies":[{"name":"wp","href":"https:\/\/api.w.org\/{rel}","templated":true}]}}