{"id":11007,"date":"2023-02-08T12:37:43","date_gmt":"2023-02-08T12:37:43","guid":{"rendered":"https:\/\/www.ra-vsz.hr\/?p=11007"},"modified":"2023-02-08T12:37:46","modified_gmt":"2023-02-08T12:37:46","slug":"otvoreni-natjecaji-u-klasteru-2-kultura-kreativnost-i-ukljucivo-drustvo","status":"publish","type":"post","link":"https:\/\/www.ra-vsz.hr\/en\/otvoreni-natjecaji-u-klasteru-2-kultura-kreativnost-i-ukljucivo-drustvo\/","title":{"rendered":"Otvoreni natje\u010daji u Klasteru 2 \u2013 Kultura, kreativnost i uklju\u010divo dru\u0161tvo"},"content":{"rendered":"<p><strong>Kultura, kreativnost i uklju\u010divo dru\u0161tvo<\/strong><\/p>\n\n\n\n<p>Na temelju radnog programa za razdoblje 2023. \u2013 2024. za podru\u010dje Klastera 2 \u2013 Kultura, kreativnost i uklju\u010divo dru\u0161tvo otvoreni su pozivi za prijavu projektnih prijedloga iz tri podru\u010dja: Zagovarajmo demokraciju, Istra\u017eivanja i inovacije u podru\u010dju kulturne ba\u0161tine i Uklju\u010divost u vremenima promjena za ukupno 26 tema. Rok za podno\u0161enje prijava jest 14. o\u017eujka 2023. godine u 17:00 sati.<\/p>\n\n\n\n<p>Na temelju istog radnog programa otvoreni su pozivi za prijavu projektnih prijedloga iz podru\u010dja (Odredi\u0161te) Inovativno istra\u017eivanje Europske kulturne ba\u0161tine i kulturne i kreativne industrije za ukupno dvije teme. Rok za podno\u0161enje prijava jest 21. rujna 2023. godine u 17:00 sati.<\/p>\n\n\n\n<p>Klaster Kultura, kreativnost i uklju\u010divo dru\u0161tvo bavi se prioritetima Europske unije koji daju nov poticaj europskoj demokraciji, poti\u010du gospodarstvo u interesu gra\u0111ana, pridonose digitalnoj tranziciji, promi\u010du europski na\u010din \u017eivota i sna\u017eniju Europu u svijetu, bolje upravljaju migracijama i mobilno\u0161\u0107u te \u0161tite na\u0161e kulturno naslije\u0111e. Ovaj klaster doprinosi provedbi Ciljeva odr\u017eivog razvoja UN-a od kojih mnogi imaju velik utjecaj na kulturu, kreativnost i uklju\u010divo dru\u0161tvo.<\/p>\n\n\n\n<p>Europska unija podupire gospodarski rast koji osigurava visoku razinu socijalne za\u0161tite i uklju\u010denosti te zajedni\u010dke vrijednosti uklju\u010duju\u0107i demokraciju, ljudska prava i bogatstvo razli\u010ditosti. U\u010dinkovita integracija dru\u0161tvenih i humanisti\u010dkih znanosti u sve klastere, uklju\u010duju\u0107i misije i partnerstva, na\u010delo je cijelog programskog ciklusa kao i klju\u010dni dio istra\u017eivanja i inovacija, posebno u pogledu dvostruke tranzicije (zelene i digitalne). O\u010dekuje se da \u0107e pobolj\u0161ana integracija dru\u0161tvenih i humanisti\u010dkih znanosti u istra\u017eiva\u010dke projekte dovesti do ja\u010deg utjecaja na dru\u0161tvo, ve\u0107eg anga\u017emana gra\u0111ana pa tako i njihove bolje budu\u0107nosti. Komplementarnost i sinergija ostvarivat \u0107e se i s drugim programima i financijskim instrumentima Europske unije kao \u0161to su Kreativna Europa, Erasmus+, Instrument za susjedstvo, razvoj i me\u0111unarodnu suradnju, Digitalna Europa i brojni drugi.<\/p>\n\n\n\n<p>Natje\u010daj i uvjete prijave potra\u017eite na <a href=\"https:\/\/www.obzoreuropa.hr\/natjecaji-pregled\/otvoreni-natjecaji-klaster-2-kultura-kreativnost-ukljucivo-drustvo-2023-2024-2\" target=\"_blank\" rel=\"noopener\">poveznici<\/a>.<\/p>","protected":false},"excerpt":{"rendered":"<p>Kultura, kreativnost i uklju\u010divo dru\u0161tvo Na temelju radnog programa za razdoblje 2023. \u2013 2024. za podru\u010dje Klastera 2 \u2013 Kultura, kreativnost i uklju\u010divo dru\u0161tvo otvoreni su pozivi za prijavu projektnih prijedloga iz tri podru\u010dja: Zagovarajmo demokraciju, Istra\u017eivanja i inovacije u podru\u010dju kulturne ba\u0161tine i Uklju\u010divost u vremenima promjena za ukupno 26 tema. Rok za podno\u0161enje [&hellip;]<\/p>","protected":false},"author":1,"featured_media":11008,"comment_status":"closed","ping_status":"open","sticky":false,"template":"","format":"standard","meta":{"_et_pb_use_builder":"","_et_pb_old_content":"","_et_gb_content_width":"","footnotes":""},"categories":[6,4],"tags":[],"class_list":["post-11007","post","type-post","status-publish","format-standard","has-post-thumbnail","hentry","category-natjecaji","category-vijesti"],"_links":{"self":[{"href":"https:\/\/www.ra-vsz.hr\/en\/wp-json\/wp\/v2\/posts\/11007","targetHints":{"allow":["GET"]}}],"collection":[{"href":"https:\/\/www.ra-vsz.hr\/en\/wp-json\/wp\/v2\/posts"}],"about":[{"href":"https:\/\/www.ra-vsz.hr\/en\/wp-json\/wp\/v2\/types\/post"}],"author":[{"embeddable":true,"href":"https:\/\/www.ra-vsz.hr\/en\/wp-json\/wp\/v2\/users\/1"}],"replies":[{"embeddable":true,"href":"https:\/\/www.ra-vsz.hr\/en\/wp-json\/wp\/v2\/comments?post=11007"}],"version-history":[{"count":1,"href":"https:\/\/www.ra-vsz.hr\/en\/wp-json\/wp\/v2\/posts\/11007\/revisions"}],"predecessor-version":[{"id":11009,"href":"https:\/\/www.ra-vsz.hr\/en\/wp-json\/wp\/v2\/posts\/11007\/revisions\/11009"}],"wp:featuredmedia":[{"embeddable":true,"href":"https:\/\/www.ra-vsz.hr\/en\/wp-json\/wp\/v2\/media\/11008"}],"wp:attachment":[{"href":"https:\/\/www.ra-vsz.hr\/en\/wp-json\/wp\/v2\/media?parent=11007"}],"wp:term":[{"taxonomy":"category","embeddable":true,"href":"https:\/\/www.ra-vsz.hr\/en\/wp-json\/wp\/v2\/categories?post=11007"},{"taxonomy":"post_tag","embeddable":true,"href":"https:\/\/www.ra-vsz.hr\/en\/wp-json\/wp\/v2\/tags?post=11007"}],"curies":[{"name":"wp","href":"https:\/\/api.w.org\/{rel}","templated":true}]}}