{"id":11004,"date":"2023-02-07T11:56:36","date_gmt":"2023-02-07T11:56:36","guid":{"rendered":"https:\/\/www.ra-vsz.hr\/?p=11004"},"modified":"2023-02-07T11:56:40","modified_gmt":"2023-02-07T11:56:40","slug":"poziv-novi-europski-bauhaus-booster-2-0","status":"publish","type":"post","link":"https:\/\/www.ra-vsz.hr\/en\/poziv-novi-europski-bauhaus-booster-2-0\/","title":{"rendered":"<strong>Poziv \u2013 Novi europski Bauhaus booster 2.0<\/strong>"},"content":{"rendered":"<p>Objavljen je poziv<strong>&nbsp;Novi europski Bauhaus booster 2.0.<\/strong><\/p>\n\n\n\n<p><a href=\"https:\/\/www.eitdigital.eu\/\" target=\"_blank\" rel=\"noreferrer noopener\"><strong>Europski institut za inovacije i tehnologiju (EIT)<\/strong><\/a>&nbsp;objavio je predmetni poziv za dodjelu potpora start-upovima ili rastu\u0107im poduze\u0107ima koja razvijaju inovativna rje\u0161enja u skladu s temeljnim vrijednostima&nbsp;<a href=\"https:\/\/new-european-bauhaus.europa.eu\/about_en\" target=\"_blank\" rel=\"noreferrer noopener\"><strong>Novog europskog Bauhausa<\/strong><\/a>&nbsp;(odr\u017eivost, estetika i uklju\u010divost) i sljede\u0107im prioritetima:<\/p>\n\n\n\n<p>\u00b7&nbsp;&nbsp;&nbsp;&nbsp;&nbsp;&nbsp;&nbsp;&nbsp;&nbsp;ponovno povezivanje s prirodom<\/p>\n\n\n\n<p>\u00b7&nbsp;&nbsp;&nbsp;&nbsp;&nbsp;&nbsp;&nbsp;&nbsp;&nbsp;vra\u0107anje osje\u0107aja pripadnosti<\/p>\n\n\n\n<p>\u00b7&nbsp;&nbsp;&nbsp;&nbsp;&nbsp;&nbsp;&nbsp;&nbsp;&nbsp;davanje prioriteta mjestima i ljudima kojima je to najpotrebnije<\/p>\n\n\n\n<p>\u00b7&nbsp;&nbsp;&nbsp;&nbsp;&nbsp;&nbsp;&nbsp;&nbsp;&nbsp;potreba za dugoro\u010dnim razmi\u0161ljanjem o \u017eivotnom ciklusu u industrijskom ekosustavu.<\/p>\n\n\n\n<p>Kako bi pomogli u poticanju nove europske transformacije, \u010dlanovi EIT zajednice, uklju\u010duju\u0107i EIT Digital, EIT Climate-KIC, EIT Food, EIT Manufacturing i EIT Urban Mobility, pru\u017eit \u0107e ovu podr\u0161ku najinovativnijim pothvatima koji pokre\u0107u odr\u017eive promjene u gradovima, industriji, za dobrobit klime, proizvodnje hrane i podizanja op\u0107e kvalitete \u017eivota ljudi.<\/p>\n\n\n\n<p><strong>Dvadeset odabranih poduze\u0107a<\/strong>&nbsp;dobit \u0107e financijsku podr\u0161ku u ukupnoj vrijednosti od&nbsp;<strong>1 milijun EUR<\/strong>, a prihva\u0107eni programi bit \u0107e financirani bespovratnim sredstvima u iznosu od&nbsp;<strong>10.000<\/strong>&nbsp;&#8211;&nbsp;<strong>40.000 EUR<\/strong>. Ovim pozivom dobit \u0107e i priliku razvijati se putem mentorstva, treninga, te umre\u017eavanja u me\u0111unarodnoj zajednici inovacija.<\/p>\n\n\n\n<p>Pokrenut od strane Europske komisije,&nbsp;<a href=\"https:\/\/europa.eu\/new-european-bauhaus\/delivery_en\" target=\"_blank\" rel=\"noreferrer noopener\">Novi europski Bauhaus<\/a>&nbsp;pretvara&nbsp;Europski zeleni plan u opipljivo, pozitivno iskustvo u kojem svi Europljani mogu sudjelovati i zajedno napredovati.<\/p>\n\n\n\n<p>Rok za prijavu je&nbsp;<strong>13. o\u017eujka 2023. godine.<\/strong><\/p>\n\n\n\n<p>Prijava i vi\u0161e informacija dostupno je&nbsp;<a href=\"https:\/\/www.eitdigital.eu\/our-messages\/calls-tenders\/new-european-bauhaus-booster-2\/\" target=\"_blank\" rel=\"noreferrer noopener\">ovdje<\/a>.<\/p>","protected":false},"excerpt":{"rendered":"<p>Objavljen je poziv&nbsp;Novi europski Bauhaus booster 2.0. Europski institut za inovacije i tehnologiju (EIT)&nbsp;objavio je predmetni poziv za dodjelu potpora start-upovima ili rastu\u0107im poduze\u0107ima koja razvijaju inovativna rje\u0161enja u skladu s temeljnim vrijednostima&nbsp;Novog europskog Bauhausa&nbsp;(odr\u017eivost, estetika i uklju\u010divost) i sljede\u0107im prioritetima: \u00b7&nbsp;&nbsp;&nbsp;&nbsp;&nbsp;&nbsp;&nbsp;&nbsp;&nbsp;ponovno povezivanje s prirodom \u00b7&nbsp;&nbsp;&nbsp;&nbsp;&nbsp;&nbsp;&nbsp;&nbsp;&nbsp;vra\u0107anje osje\u0107aja pripadnosti \u00b7&nbsp;&nbsp;&nbsp;&nbsp;&nbsp;&nbsp;&nbsp;&nbsp;&nbsp;davanje prioriteta mjestima i ljudima kojima je [&hellip;]<\/p>","protected":false},"author":1,"featured_media":11005,"comment_status":"closed","ping_status":"open","sticky":false,"template":"","format":"standard","meta":{"_et_pb_use_builder":"","_et_pb_old_content":"","_et_gb_content_width":"","footnotes":""},"categories":[6,4],"tags":[],"class_list":["post-11004","post","type-post","status-publish","format-standard","has-post-thumbnail","hentry","category-natjecaji","category-vijesti"],"_links":{"self":[{"href":"https:\/\/www.ra-vsz.hr\/en\/wp-json\/wp\/v2\/posts\/11004","targetHints":{"allow":["GET"]}}],"collection":[{"href":"https:\/\/www.ra-vsz.hr\/en\/wp-json\/wp\/v2\/posts"}],"about":[{"href":"https:\/\/www.ra-vsz.hr\/en\/wp-json\/wp\/v2\/types\/post"}],"author":[{"embeddable":true,"href":"https:\/\/www.ra-vsz.hr\/en\/wp-json\/wp\/v2\/users\/1"}],"replies":[{"embeddable":true,"href":"https:\/\/www.ra-vsz.hr\/en\/wp-json\/wp\/v2\/comments?post=11004"}],"version-history":[{"count":1,"href":"https:\/\/www.ra-vsz.hr\/en\/wp-json\/wp\/v2\/posts\/11004\/revisions"}],"predecessor-version":[{"id":11006,"href":"https:\/\/www.ra-vsz.hr\/en\/wp-json\/wp\/v2\/posts\/11004\/revisions\/11006"}],"wp:featuredmedia":[{"embeddable":true,"href":"https:\/\/www.ra-vsz.hr\/en\/wp-json\/wp\/v2\/media\/11005"}],"wp:attachment":[{"href":"https:\/\/www.ra-vsz.hr\/en\/wp-json\/wp\/v2\/media?parent=11004"}],"wp:term":[{"taxonomy":"category","embeddable":true,"href":"https:\/\/www.ra-vsz.hr\/en\/wp-json\/wp\/v2\/categories?post=11004"},{"taxonomy":"post_tag","embeddable":true,"href":"https:\/\/www.ra-vsz.hr\/en\/wp-json\/wp\/v2\/tags?post=11004"}],"curies":[{"name":"wp","href":"https:\/\/api.w.org\/{rel}","templated":true}]}}